{"id":5531,"date":"2016-03-03T07:11:23","date_gmt":"2016-03-03T07:11:23","guid":{"rendered":"http:\/\/www.fantasticaficcion.com\/?p=5531"},"modified":"2016-03-03T07:11:23","modified_gmt":"2016-03-03T07:11:23","slug":"nueva-trilogia-de-brandon-sanderson-para-el-2018","status":"publish","type":"post","link":"https:\/\/www.fantasticaficcion.com\/index.php\/nueva-trilogia-de-brandon-sanderson-para-el-2018\/","title":{"rendered":"Nueva trilog\u00eda de Brandon Sanderson para el 2018"},"content":{"rendered":"<p style=\"text-align: justify;\"><a href=\"http:\/\/www.tor.com\/2016\/03\/01\/brandon-sanderson-announces-new-apocalypse-guard-book-trilogy\/?utm_source=Feedburner%3A+Frontpage+Partial+RSS+Feed&amp;utm_medium=feed&amp;utm_campaign=Feed%3A+Torcom%2FFrontpage_Partial+%28Tor.com+Frontpage+Partial+-+Blog+and+Stories%29\" target=\"_blank\">Delacorte Press ha anunciado<\/a> la adquisici\u00f3n de una nueva trilog\u00eda de Brandon Sanderson, bajo el nombre <em>Apocalypse Guard.<\/em><\/p>\n<p style=\"text-align: justify;\">La nota de prensa reza as\u00ed:<\/p>\n<blockquote><p>The Apocalypse Guard series is set in a world parallel to that of the Reckoners, and an organization of superpowered individuals is at its center. Their collective objective is to save doomed planets, until the day something goes horribly wrong and it is up to one young member of the guard to fix things before time runs out for her and the planet she calls home.<\/p>\n<p>Publication of the first book in the series is planned for spring 2018.<\/p><\/blockquote>\n<p>A\u00fan falta mucho, pero teniendo en cuenta el ritmo al que escribe este autor, lo mismo ya lo tiene todo escrito y reescrito. Seguiremos informando.<\/p>\n","protected":false},"excerpt":{"rendered":"<p>Delacorte Press ha anunciado la adquisici\u00f3n de una nueva trilog\u00eda de Brandon Sanderson, bajo el nombre Apocalypse Guard. La nota de prensa reza as\u00ed: The Apocalypse Guard series is set in a world parallel to that of the Reckoners, and an organization of superpowered individuals is at its center. Their collective objective is to save &hellip; <\/p>\n<p class=\"link-more\"><a href=\"https:\/\/www.fantasticaficcion.com\/index.php\/nueva-trilogia-de-brandon-sanderson-para-el-2018\/\" class=\"more-link\">Continuar leyendo<span class=\"screen-reader-text\"> &#8220;Nueva trilog\u00eda de Brandon Sanderson para el 2018&#8221;<\/span><\/a><\/p>\n","protected":false},"author":1,"featured_media":0,"comment_status":"open","ping_status":"open","sticky":false,"template":"","format":"standard","meta":{"jetpack_post_was_ever_published":false,"_jetpack_newsletter_access":"","_jetpack_dont_email_post_to_subs":false,"_jetpack_newsletter_tier_id":0,"_jetpack_memberships_contains_paywalled_content":false,"_jetpack_memberships_contains_paid_content":false,"footnotes":""},"categories":[5],"tags":[27,190],"class_list":["post-5531","post","type-post","status-publish","format-standard","hentry","category-fantasia","tag-brandon-sanderson","tag-noticias"],"jetpack_featured_media_url":"","jetpack_shortlink":"https:\/\/wp.me\/p5fEpk-1rd","jetpack_sharing_enabled":true,"_links":{"self":[{"href":"https:\/\/www.fantasticaficcion.com\/index.php\/wp-json\/wp\/v2\/posts\/5531","targetHints":{"allow":["GET"]}}],"collection":[{"href":"https:\/\/www.fantasticaficcion.com\/index.php\/wp-json\/wp\/v2\/posts"}],"about":[{"href":"https:\/\/www.fantasticaficcion.com\/index.php\/wp-json\/wp\/v2\/types\/post"}],"author":[{"embeddable":true,"href":"https:\/\/www.fantasticaficcion.com\/index.php\/wp-json\/wp\/v2\/users\/1"}],"replies":[{"embeddable":true,"href":"https:\/\/www.fantasticaficcion.com\/index.php\/wp-json\/wp\/v2\/comments?post=5531"}],"version-history":[{"count":1,"href":"https:\/\/www.fantasticaficcion.com\/index.php\/wp-json\/wp\/v2\/posts\/5531\/revisions"}],"predecessor-version":[{"id":5532,"href":"https:\/\/www.fantasticaficcion.com\/index.php\/wp-json\/wp\/v2\/posts\/5531\/revisions\/5532"}],"wp:attachment":[{"href":"https:\/\/www.fantasticaficcion.com\/index.php\/wp-json\/wp\/v2\/media?parent=5531"}],"wp:term":[{"taxonomy":"category","embeddable":true,"href":"https:\/\/www.fantasticaficcion.com\/index.php\/wp-json\/wp\/v2\/categories?post=5531"},{"taxonomy":"post_tag","embeddable":true,"href":"https:\/\/www.fantasticaficcion.com\/index.php\/wp-json\/wp\/v2\/tags?post=5531"}],"curies":[{"name":"wp","href":"https:\/\/api.w.org\/{rel}","templated":true}]}}