{"id":5462,"date":"2016-05-27T05:30:46","date_gmt":"2016-05-27T05:30:46","guid":{"rendered":"http:\/\/www.fantasticaficcion.com\/?p=5462"},"modified":"2016-05-23T06:15:04","modified_gmt":"2016-05-23T06:15:04","slug":"portada-de-of-sand-and-malice-made","status":"publish","type":"post","link":"https:\/\/www.fantasticaficcion.com\/index.php\/portada-de-of-sand-and-malice-made\/","title":{"rendered":"Portada de Of sand and malice made"},"content":{"rendered":"<p style=\"text-align: justify;\">Aqu\u00ed os traigo la portada de la siguiente novela de <strong><a href=\"https:\/\/www.fantasticaficcion.com\/index.php\/entrevista-con-bradley-p-beaulieu\/\" target=\"_blank\">Bradley P. Beaulieu<\/a><\/strong>, que se titular\u00e1 <em><strong>Of sand and malice made. <\/strong><\/em>Se trata de una precuela de <a href=\"https:\/\/www.fantasticaficcion.com\/index.php\/twelve-kings\/\" target=\"_blank\"><em><strong>Twelve Kings<\/strong><\/em><\/a>, donde conoceremos la juventud de \u00c7eda, que se publicar\u00e1 en septiembre.<\/p>\n<p style=\"text-align: justify;\"><a href=\"https:\/\/www.fantasticaficcion.com\/?attachment_id=5463\" rel=\"attachment wp-att-5463\"><img loading=\"lazy\" decoding=\"async\" class=\"aligncenter size-full wp-image-5463\" src=\"https:\/\/www.fantasticaficcion.com\/wp-content\/uploads\/2016\/02\/8-Sand_Malice_Front_Cover_Final.jpg\" alt=\"8-Sand_Malice_Front_Cover_Final\" width=\"740\" height=\"1123\" srcset=\"https:\/\/www.fantasticaficcion.com\/wp-content\/uploads\/2016\/02\/8-Sand_Malice_Front_Cover_Final.jpg 740w, https:\/\/www.fantasticaficcion.com\/wp-content\/uploads\/2016\/02\/8-Sand_Malice_Front_Cover_Final-198x300.jpg 198w, https:\/\/www.fantasticaficcion.com\/wp-content\/uploads\/2016\/02\/8-Sand_Malice_Front_Cover_Final-675x1024.jpg 675w, https:\/\/www.fantasticaficcion.com\/wp-content\/uploads\/2016\/02\/8-Sand_Malice_Front_Cover_Final-624x947.jpg 624w\" sizes=\"auto, (max-width: 706px) 89vw, (max-width: 767px) 82vw, 740px\" \/><\/a><\/p>\n","protected":false},"excerpt":{"rendered":"<p>Aqu\u00ed os traigo la portada de la siguiente novela de Bradley P. Beaulieu, que se titular\u00e1 Of sand and malice made. Se trata de una precuela de Twelve Kings, donde conoceremos la juventud de \u00c7eda, que se publicar\u00e1 en septiembre.<\/p>\n","protected":false},"author":1,"featured_media":0,"comment_status":"open","ping_status":"open","sticky":false,"template":"","format":"standard","meta":{"jetpack_post_was_ever_published":false,"_jetpack_newsletter_access":"","_jetpack_dont_email_post_to_subs":false,"_jetpack_newsletter_tier_id":0,"_jetpack_memberships_contains_paywalled_content":false,"_jetpack_memberships_contains_paid_content":false,"footnotes":""},"categories":[5],"tags":[74,190,96],"class_list":["post-5462","post","type-post","status-publish","format-standard","hentry","category-fantasia","tag-bradley-p-beaulieu","tag-noticias","tag-portadas"],"jetpack_featured_media_url":"","jetpack_shortlink":"https:\/\/wp.me\/p5fEpk-1q6","jetpack_sharing_enabled":true,"_links":{"self":[{"href":"https:\/\/www.fantasticaficcion.com\/index.php\/wp-json\/wp\/v2\/posts\/5462","targetHints":{"allow":["GET"]}}],"collection":[{"href":"https:\/\/www.fantasticaficcion.com\/index.php\/wp-json\/wp\/v2\/posts"}],"about":[{"href":"https:\/\/www.fantasticaficcion.com\/index.php\/wp-json\/wp\/v2\/types\/post"}],"author":[{"embeddable":true,"href":"https:\/\/www.fantasticaficcion.com\/index.php\/wp-json\/wp\/v2\/users\/1"}],"replies":[{"embeddable":true,"href":"https:\/\/www.fantasticaficcion.com\/index.php\/wp-json\/wp\/v2\/comments?post=5462"}],"version-history":[{"count":1,"href":"https:\/\/www.fantasticaficcion.com\/index.php\/wp-json\/wp\/v2\/posts\/5462\/revisions"}],"predecessor-version":[{"id":5464,"href":"https:\/\/www.fantasticaficcion.com\/index.php\/wp-json\/wp\/v2\/posts\/5462\/revisions\/5464"}],"wp:attachment":[{"href":"https:\/\/www.fantasticaficcion.com\/index.php\/wp-json\/wp\/v2\/media?parent=5462"}],"wp:term":[{"taxonomy":"category","embeddable":true,"href":"https:\/\/www.fantasticaficcion.com\/index.php\/wp-json\/wp\/v2\/categories?post=5462"},{"taxonomy":"post_tag","embeddable":true,"href":"https:\/\/www.fantasticaficcion.com\/index.php\/wp-json\/wp\/v2\/tags?post=5462"}],"curies":[{"name":"wp","href":"https:\/\/api.w.org\/{rel}","templated":true}]}}