{"id":5340,"date":"2016-03-23T06:30:05","date_gmt":"2016-03-23T06:30:05","guid":{"rendered":"http:\/\/www.fantasticaficcion.com\/?p=5340"},"modified":"2016-03-14T13:55:19","modified_gmt":"2016-03-14T13:55:19","slug":"portada-de-luna-wolf-moon","status":"publish","type":"post","link":"https:\/\/www.fantasticaficcion.com\/index.php\/portada-de-luna-wolf-moon\/","title":{"rendered":"Portada de Luna : Wolf moon"},"content":{"rendered":"<p style=\"text-align: justify;\">Uno de los mejores libros que le\u00ed el a\u00f1o pasado, por no decir el mejor, fue<strong><em> <a href=\"https:\/\/www.fantasticaficcion.com\/index.php\/luna\/\" target=\"_blank\">Luna<\/a>. <\/em><\/strong>De este modo, no es dif\u00edcil suponer que espero ansiosamente la publicaci\u00f3n de la segunda parte, titulada <strong><em>Luna: Wolf Moon<\/em><\/strong>.<\/p>\n<p style=\"text-align: justify;\">Para ir haciendo boca, aqu\u00ed os traigo la portada y la sinopsis:<\/p>\n<blockquote><p>A Dragon is dead.<\/p>\n<p>Corta Helio, one of the five family corporations that rule the Moon, has fallen. Its riches are divided up among its many enemies, its survivors scattered. Eighteen months have passed .<\/p>\n<p>The remaining Helio children, Lucasinho and Luna, are under the protection of the powerful Asamoahs, while Robson, still reeling from witnessing his parent\u2019s violent deaths, is now a ward\u2014virtually a hostage\u2014of Mackenzie Metals. And the last appointed heir, Lucas, has vanished of the surface of the moon.<\/p>\n<p>Only Lady Sun, dowager of Taiyang, suspects that Lucas Corta is not dead, and more to the point\u2014that he is still a major player in the game. After all, Lucas always was the Schemer, and even in death, he would go to any lengths to take back everything and build a new Corta Helio, more powerful than before. But Corta Helio needs allies, and to find them, the fleeing son undertakes an audacious, impossible journey\u2014to Earth.<\/p>\n<p>In an unstable lunar environment, the shifting loyalties and political machinations of each family reach the zenith of their most fertile plots as outright war erupts.<\/p>\n<p><a href=\"https:\/\/www.fantasticaficcion.com\/?attachment_id=5341\" rel=\"attachment wp-att-5341\"><img loading=\"lazy\" decoding=\"async\" class=\"aligncenter size-full wp-image-5341\" src=\"https:\/\/www.fantasticaficcion.com\/wp-content\/uploads\/2016\/01\/luna-wolf-moon-full.jpeg\" alt=\"luna-wolf-moon-full\" width=\"740\" height=\"1124\" srcset=\"https:\/\/www.fantasticaficcion.com\/wp-content\/uploads\/2016\/01\/luna-wolf-moon-full.jpeg 740w, https:\/\/www.fantasticaficcion.com\/wp-content\/uploads\/2016\/01\/luna-wolf-moon-full-198x300.jpeg 198w, https:\/\/www.fantasticaficcion.com\/wp-content\/uploads\/2016\/01\/luna-wolf-moon-full-674x1024.jpeg 674w, https:\/\/www.fantasticaficcion.com\/wp-content\/uploads\/2016\/01\/luna-wolf-moon-full-624x948.jpeg 624w\" sizes=\"auto, (max-width: 706px) 89vw, (max-width: 767px) 82vw, 740px\" \/><\/a><\/p><\/blockquote>\n<p style=\"text-align: justify;\">\n","protected":false},"excerpt":{"rendered":"<p>Uno de los mejores libros que le\u00ed el a\u00f1o pasado, por no decir el mejor, fue Luna. De este modo, no es dif\u00edcil suponer que espero ansiosamente la publicaci\u00f3n de la segunda parte, titulada Luna: Wolf Moon. Para ir haciendo boca, aqu\u00ed os traigo la portada y la sinopsis: A Dragon is dead. Corta Helio, &hellip; <\/p>\n<p class=\"link-more\"><a href=\"https:\/\/www.fantasticaficcion.com\/index.php\/portada-de-luna-wolf-moon\/\" class=\"more-link\">Continuar leyendo<span class=\"screen-reader-text\"> &#8220;Portada de Luna : Wolf moon&#8221;<\/span><\/a><\/p>\n","protected":false},"author":1,"featured_media":0,"comment_status":"open","ping_status":"open","sticky":false,"template":"","format":"standard","meta":{"jetpack_post_was_ever_published":false,"_jetpack_newsletter_access":"","_jetpack_dont_email_post_to_subs":false,"_jetpack_newsletter_tier_id":0,"_jetpack_memberships_contains_paywalled_content":false,"_jetpack_memberships_contains_paid_content":false,"footnotes":""},"categories":[10],"tags":[677,190,96],"class_list":["post-5340","post","type-post","status-publish","format-standard","hentry","category-ciencia-ficcion-2","tag-ian-macdonald","tag-noticias","tag-portadas"],"jetpack_featured_media_url":"","jetpack_shortlink":"https:\/\/wp.me\/p5fEpk-1o8","jetpack_sharing_enabled":true,"_links":{"self":[{"href":"https:\/\/www.fantasticaficcion.com\/index.php\/wp-json\/wp\/v2\/posts\/5340","targetHints":{"allow":["GET"]}}],"collection":[{"href":"https:\/\/www.fantasticaficcion.com\/index.php\/wp-json\/wp\/v2\/posts"}],"about":[{"href":"https:\/\/www.fantasticaficcion.com\/index.php\/wp-json\/wp\/v2\/types\/post"}],"author":[{"embeddable":true,"href":"https:\/\/www.fantasticaficcion.com\/index.php\/wp-json\/wp\/v2\/users\/1"}],"replies":[{"embeddable":true,"href":"https:\/\/www.fantasticaficcion.com\/index.php\/wp-json\/wp\/v2\/comments?post=5340"}],"version-history":[{"count":1,"href":"https:\/\/www.fantasticaficcion.com\/index.php\/wp-json\/wp\/v2\/posts\/5340\/revisions"}],"predecessor-version":[{"id":5342,"href":"https:\/\/www.fantasticaficcion.com\/index.php\/wp-json\/wp\/v2\/posts\/5340\/revisions\/5342"}],"wp:attachment":[{"href":"https:\/\/www.fantasticaficcion.com\/index.php\/wp-json\/wp\/v2\/media?parent=5340"}],"wp:term":[{"taxonomy":"category","embeddable":true,"href":"https:\/\/www.fantasticaficcion.com\/index.php\/wp-json\/wp\/v2\/categories?post=5340"},{"taxonomy":"post_tag","embeddable":true,"href":"https:\/\/www.fantasticaficcion.com\/index.php\/wp-json\/wp\/v2\/tags?post=5340"}],"curies":[{"name":"wp","href":"https:\/\/api.w.org\/{rel}","templated":true}]}}