{"id":5294,"date":"2016-01-26T06:34:51","date_gmt":"2016-01-26T06:34:51","guid":{"rendered":"http:\/\/www.fantasticaficcion.com\/?p=5294"},"modified":"2016-01-26T06:34:51","modified_gmt":"2016-01-26T06:34:51","slug":"libro-sobre-powers","status":"publish","type":"post","link":"https:\/\/www.fantasticaficcion.com\/index.php\/libro-sobre-powers\/","title":{"rendered":"Libro sobre Powers"},"content":{"rendered":"<p style=\"text-align: justify;\"><a href=\"https:\/\/www.fantasticaficcion.com\/index.php\/libro-sobre-powers\/powers\/\" rel=\"attachment wp-att-5295\"><img loading=\"lazy\" decoding=\"async\" class=\"alignright size-medium wp-image-5295\" src=\"https:\/\/www.fantasticaficcion.com\/wp-content\/uploads\/2016\/01\/powers-197x300.jpg\" alt=\"powers\" width=\"197\" height=\"300\" srcset=\"https:\/\/www.fantasticaficcion.com\/wp-content\/uploads\/2016\/01\/powers-197x300.jpg 197w, https:\/\/www.fantasticaficcion.com\/wp-content\/uploads\/2016\/01\/powers.jpg 263w\" sizes=\"auto, (max-width: 197px) 100vw, 197px\" \/><\/a>De la existosa serie <em><strong>Powers <\/strong><\/em>ya conoc\u00edamos su<a href=\"https:\/\/www.fantasticaficcion.com\/index.php\/fecha-de-estreno-de-la-serie-powers\/\" target=\"_blank\"> adaptaci\u00f3n a la televisi\u00f3n<\/a>, pero ahora su guionista Brian Michael Bendis, en colaboraci\u00f3n con Neil Kleid ha escrito<a href=\"http:\/\/www.sfsignal.com\/archives\/2015\/12\/coming-soon-powers-by-brian-michael-bendis-and-neil-kleid\/?utm_source=feedburner&amp;utm_medium=feed&amp;utm_campaign=Feed%3A+Sfsignal+%28SFSignal%29\" target=\"_blank\"> un libro sobre los or\u00edgenes de Deena<\/a>, la protagonista femenina.<\/p>\n<p style=\"text-align: justify;\">Aqu\u00ed os dejo la nota de prensa:<\/p>\n<blockquote><p>Ever since she could walk, Homicide Detective Deena Pilgrim followed in her father\u2019s footsteps. A man with a badge, Waldo Pilgrim surrounded himself with what Deena believed to be the cream of the crop when it came to serving and protecting. These days, Deena won\u2019t discuss her father or the life she left behind in Atlanta years ago, a life before she partnered with Christian Walker to investigate homicide cases in a city where perps and victims boast incredible, dangerous powers. Now, nearly a decade of bringing Powers to justice has broken down Deena\u2019s resolve, along with the walls she erected long ago to protect herself from prying eyes. Walls that kept her from a past best left alone, and from those determined to get close and bring horrible, heartbreaking memories to the surface once more.<\/p>\n<p>But when a cold case reopens a series of unsolved murders that point back to Deena\u2019s family tree, she is unavoidably reacquainted with a former boyfriend with ties to both sets of killings, along with her sordid past. Forced to question the choices, decisions, and steps she\u2019s taken in life, love, and career\u2014including her long-standing partnership with Walker, a former Power whose secret history intersects with Deena\u2019s own\u2014Detective Deena Pilgrim must bring a killer to justice and, in doing so, hopefully come to terms with the kind of cop she wants to be . . . assuming that she wants to continue being a cop at all.<\/p>\n<p>Written by Powers cocreator Brian Michael Bendis and novelist Neil Kleid, The Secret History of Deena Pilgrim is the first-ever prose story set in the world of the award-winning, critically acclaimed comic book series by Bendis and artist Michael Avon Oeming. Powers tells the stories of human police officers attempting to solve crimes in a world inhabited by superheroes and supervillains. In January 2015, the Playstation Network debuted it as its first-ever hour-long scripted programming, featuring characters and plots from the comic book series.<\/p><\/blockquote>\n","protected":false},"excerpt":{"rendered":"<p>De la existosa serie Powers ya conoc\u00edamos su adaptaci\u00f3n a la televisi\u00f3n, pero ahora su guionista Brian Michael Bendis, en colaboraci\u00f3n con Neil Kleid ha escrito un libro sobre los or\u00edgenes de Deena, la protagonista femenina. Aqu\u00ed os dejo la nota de prensa: Ever since she could walk, Homicide Detective Deena Pilgrim followed in her &hellip; <\/p>\n<p class=\"link-more\"><a href=\"https:\/\/www.fantasticaficcion.com\/index.php\/libro-sobre-powers\/\" class=\"more-link\">Continuar leyendo<span class=\"screen-reader-text\"> &#8220;Libro sobre Powers&#8221;<\/span><\/a><\/p>\n","protected":false},"author":1,"featured_media":0,"comment_status":"open","ping_status":"open","sticky":false,"template":"","format":"standard","meta":{"jetpack_post_was_ever_published":false,"_jetpack_newsletter_access":"","_jetpack_dont_email_post_to_subs":false,"_jetpack_newsletter_tier_id":0,"_jetpack_memberships_contains_paywalled_content":false,"_jetpack_memberships_contains_paid_content":false,"footnotes":""},"categories":[5],"tags":[491,190],"class_list":["post-5294","post","type-post","status-publish","format-standard","hentry","category-fantasia","tag-adaptaciones","tag-noticias"],"jetpack_featured_media_url":"","jetpack_shortlink":"https:\/\/wp.me\/p5fEpk-1no","jetpack_sharing_enabled":true,"_links":{"self":[{"href":"https:\/\/www.fantasticaficcion.com\/index.php\/wp-json\/wp\/v2\/posts\/5294","targetHints":{"allow":["GET"]}}],"collection":[{"href":"https:\/\/www.fantasticaficcion.com\/index.php\/wp-json\/wp\/v2\/posts"}],"about":[{"href":"https:\/\/www.fantasticaficcion.com\/index.php\/wp-json\/wp\/v2\/types\/post"}],"author":[{"embeddable":true,"href":"https:\/\/www.fantasticaficcion.com\/index.php\/wp-json\/wp\/v2\/users\/1"}],"replies":[{"embeddable":true,"href":"https:\/\/www.fantasticaficcion.com\/index.php\/wp-json\/wp\/v2\/comments?post=5294"}],"version-history":[{"count":2,"href":"https:\/\/www.fantasticaficcion.com\/index.php\/wp-json\/wp\/v2\/posts\/5294\/revisions"}],"predecessor-version":[{"id":5367,"href":"https:\/\/www.fantasticaficcion.com\/index.php\/wp-json\/wp\/v2\/posts\/5294\/revisions\/5367"}],"wp:attachment":[{"href":"https:\/\/www.fantasticaficcion.com\/index.php\/wp-json\/wp\/v2\/media?parent=5294"}],"wp:term":[{"taxonomy":"category","embeddable":true,"href":"https:\/\/www.fantasticaficcion.com\/index.php\/wp-json\/wp\/v2\/categories?post=5294"},{"taxonomy":"post_tag","embeddable":true,"href":"https:\/\/www.fantasticaficcion.com\/index.php\/wp-json\/wp\/v2\/tags?post=5294"}],"curies":[{"name":"wp","href":"https:\/\/api.w.org\/{rel}","templated":true}]}}