{"id":5249,"date":"2016-01-06T05:30:57","date_gmt":"2016-01-06T05:30:57","guid":{"rendered":"http:\/\/www.fantasticaficcion.com\/?p=5249"},"modified":"2016-01-05T18:41:27","modified_gmt":"2016-01-05T18:41:27","slug":"the-magicians-se-emitira-en-syfy-espana","status":"publish","type":"post","link":"https:\/\/www.fantasticaficcion.com\/index.php\/the-magicians-se-emitira-en-syfy-espana\/","title":{"rendered":"The magicians se emitir\u00e1 en Syfy Espa\u00f1a"},"content":{"rendered":"<p style=\"text-align: justify;\"><a href=\"http:\/\/www.sensacine.com\/noticias\/series\/noticia-18535832\/\" target=\"_blank\">Seg\u00fan la propia web de Syfy<\/a>, estrenar\u00e1 a principios del a\u00f1o que viene la serie <em><strong>The magicians, <\/strong><\/em>basada en <a href=\"https:\/\/www.fantasticaficcion.com\/index.php\/the-magicians-sera-una-serie-en-syfy\/\" target=\"_blank\">los libros<\/a> de Lev Grossman.<\/p>\n<p style=\"text-align: justify;\">Como reza la nota de prensa:<\/p>\n<blockquote><p><i>The Magicians<\/i> est\u00e1 basada en el exitoso libro de Lev Grossman en el que gira en torno a un grupo de veintea\u00f1eros que viven en Nueva York y mientras <strong>estudian lo que es la magia<\/strong> descubren que la fantas\u00eda que leen los ni\u00f1os es demasiado real y representa un grave peligro para la humanidad.<\/p>\n<p>La serie cuenta con un reparto formado por <a title=\"Jason Ralph (EE.UU.) (Actor)\" href=\"http:\/\/www.sensacine.com\/actores\/actor-669726\/\">Jason Ralph<\/a>, Arjun Gupta, Olivia Taylor Dudley y Summer Bishil, entre otros.<\/p><\/blockquote>\n","protected":false},"excerpt":{"rendered":"<p>Seg\u00fan la propia web de Syfy, estrenar\u00e1 a principios del a\u00f1o que viene la serie The magicians, basada en los libros de Lev Grossman. Como reza la nota de prensa: The Magicians est\u00e1 basada en el exitoso libro de Lev Grossman en el que gira en torno a un grupo de veintea\u00f1eros que viven en &hellip; <\/p>\n<p class=\"link-more\"><a href=\"https:\/\/www.fantasticaficcion.com\/index.php\/the-magicians-se-emitira-en-syfy-espana\/\" class=\"more-link\">Continuar leyendo<span class=\"screen-reader-text\"> &#8220;The magicians se emitir\u00e1 en Syfy Espa\u00f1a&#8221;<\/span><\/a><\/p>\n","protected":false},"author":1,"featured_media":0,"comment_status":"open","ping_status":"open","sticky":false,"template":"","format":"standard","meta":{"jetpack_post_was_ever_published":false,"_jetpack_newsletter_access":"","_jetpack_dont_email_post_to_subs":false,"_jetpack_newsletter_tier_id":0,"_jetpack_memberships_contains_paywalled_content":false,"_jetpack_memberships_contains_paid_content":false,"footnotes":""},"categories":[5],"tags":[491,201,190],"class_list":["post-5249","post","type-post","status-publish","format-standard","hentry","category-fantasia","tag-adaptaciones","tag-lev-grossman","tag-noticias"],"jetpack_featured_media_url":"","jetpack_shortlink":"https:\/\/wp.me\/p5fEpk-1mF","jetpack_sharing_enabled":true,"_links":{"self":[{"href":"https:\/\/www.fantasticaficcion.com\/index.php\/wp-json\/wp\/v2\/posts\/5249","targetHints":{"allow":["GET"]}}],"collection":[{"href":"https:\/\/www.fantasticaficcion.com\/index.php\/wp-json\/wp\/v2\/posts"}],"about":[{"href":"https:\/\/www.fantasticaficcion.com\/index.php\/wp-json\/wp\/v2\/types\/post"}],"author":[{"embeddable":true,"href":"https:\/\/www.fantasticaficcion.com\/index.php\/wp-json\/wp\/v2\/users\/1"}],"replies":[{"embeddable":true,"href":"https:\/\/www.fantasticaficcion.com\/index.php\/wp-json\/wp\/v2\/comments?post=5249"}],"version-history":[{"count":1,"href":"https:\/\/www.fantasticaficcion.com\/index.php\/wp-json\/wp\/v2\/posts\/5249\/revisions"}],"predecessor-version":[{"id":5250,"href":"https:\/\/www.fantasticaficcion.com\/index.php\/wp-json\/wp\/v2\/posts\/5249\/revisions\/5250"}],"wp:attachment":[{"href":"https:\/\/www.fantasticaficcion.com\/index.php\/wp-json\/wp\/v2\/media?parent=5249"}],"wp:term":[{"taxonomy":"category","embeddable":true,"href":"https:\/\/www.fantasticaficcion.com\/index.php\/wp-json\/wp\/v2\/categories?post=5249"},{"taxonomy":"post_tag","embeddable":true,"href":"https:\/\/www.fantasticaficcion.com\/index.php\/wp-json\/wp\/v2\/tags?post=5249"}],"curies":[{"name":"wp","href":"https:\/\/api.w.org\/{rel}","templated":true}]}}