{"id":5247,"date":"2016-01-07T05:30:53","date_gmt":"2016-01-07T05:30:53","guid":{"rendered":"http:\/\/www.fantasticaficcion.com\/?p=5247"},"modified":"2016-01-05T18:42:25","modified_gmt":"2016-01-05T18:42:25","slug":"adaptacion-de-the-witcher","status":"publish","type":"post","link":"https:\/\/www.fantasticaficcion.com\/index.php\/adaptacion-de-the-witcher\/","title":{"rendered":"Adaptaci\u00f3n de The Witcher"},"content":{"rendered":"<p style=\"text-align: justify;\">Los productores de la serie <em><strong>The Expanse<\/strong><\/em> <a href=\"http:\/\/platige.com\/en\/page\/659-Sdc_Work_With_Tomek_Baginski\" target=\"_blank\">est\u00e1n detr\u00e1s del proyecto de adaptaci\u00f3n<\/a> de<em><strong> The Witcher<\/strong><\/em> de <a href=\"https:\/\/es.wikipedia.org\/wiki\/Andrzej_Sapkowski\" target=\"_blank\"><strong>Andrzej Sapkowski.<\/strong><\/a><\/p>\n<p style=\"text-align: justify;\">La pel\u00edcula ser\u00e1 una adaptaci\u00f3n de los relatos &#8220;El brujo&#8221; y &#8220;Un mal menor&#8221; publicados dentro de <em><strong>El \u00faltimo deseo. <\/strong><\/em>El director ser\u00e1 Tomasz Bagi\u0144ski.<\/p>\n<p style=\"text-align: justify;\">\n","protected":false},"excerpt":{"rendered":"<p>Los productores de la serie The Expanse est\u00e1n detr\u00e1s del proyecto de adaptaci\u00f3n de The Witcher de Andrzej Sapkowski. La pel\u00edcula ser\u00e1 una adaptaci\u00f3n de los relatos &#8220;El brujo&#8221; y &#8220;Un mal menor&#8221; publicados dentro de El \u00faltimo deseo. El director ser\u00e1 Tomasz Bagi\u0144ski.<\/p>\n","protected":false},"author":1,"featured_media":0,"comment_status":"open","ping_status":"open","sticky":false,"template":"","format":"standard","meta":{"jetpack_post_was_ever_published":false,"_jetpack_newsletter_access":"","_jetpack_dont_email_post_to_subs":false,"_jetpack_newsletter_tier_id":0,"_jetpack_memberships_contains_paywalled_content":false,"_jetpack_memberships_contains_paid_content":false,"footnotes":""},"categories":[5],"tags":[491,58,190],"class_list":["post-5247","post","type-post","status-publish","format-standard","hentry","category-fantasia","tag-adaptaciones","tag-andrzej-sapkowski","tag-noticias"],"jetpack_featured_media_url":"","jetpack_shortlink":"https:\/\/wp.me\/p5fEpk-1mD","jetpack_sharing_enabled":true,"_links":{"self":[{"href":"https:\/\/www.fantasticaficcion.com\/index.php\/wp-json\/wp\/v2\/posts\/5247","targetHints":{"allow":["GET"]}}],"collection":[{"href":"https:\/\/www.fantasticaficcion.com\/index.php\/wp-json\/wp\/v2\/posts"}],"about":[{"href":"https:\/\/www.fantasticaficcion.com\/index.php\/wp-json\/wp\/v2\/types\/post"}],"author":[{"embeddable":true,"href":"https:\/\/www.fantasticaficcion.com\/index.php\/wp-json\/wp\/v2\/users\/1"}],"replies":[{"embeddable":true,"href":"https:\/\/www.fantasticaficcion.com\/index.php\/wp-json\/wp\/v2\/comments?post=5247"}],"version-history":[{"count":1,"href":"https:\/\/www.fantasticaficcion.com\/index.php\/wp-json\/wp\/v2\/posts\/5247\/revisions"}],"predecessor-version":[{"id":5248,"href":"https:\/\/www.fantasticaficcion.com\/index.php\/wp-json\/wp\/v2\/posts\/5247\/revisions\/5248"}],"wp:attachment":[{"href":"https:\/\/www.fantasticaficcion.com\/index.php\/wp-json\/wp\/v2\/media?parent=5247"}],"wp:term":[{"taxonomy":"category","embeddable":true,"href":"https:\/\/www.fantasticaficcion.com\/index.php\/wp-json\/wp\/v2\/categories?post=5247"},{"taxonomy":"post_tag","embeddable":true,"href":"https:\/\/www.fantasticaficcion.com\/index.php\/wp-json\/wp\/v2\/tags?post=5247"}],"curies":[{"name":"wp","href":"https:\/\/api.w.org\/{rel}","templated":true}]}}