{"id":5223,"date":"2016-01-05T05:30:11","date_gmt":"2016-01-05T05:30:11","guid":{"rendered":"http:\/\/www.fantasticaficcion.com\/?p=5223"},"modified":"2016-01-03T15:17:11","modified_gmt":"2016-01-03T15:17:11","slug":"portadas-de-sharp-ends-coleccion-de-joe-abercrombie","status":"publish","type":"post","link":"https:\/\/www.fantasticaficcion.com\/index.php\/portadas-de-sharp-ends-coleccion-de-joe-abercrombie\/","title":{"rendered":"Portadas de Sharp Ends, colecci\u00f3n de Joe Abercrombie"},"content":{"rendered":"<p style=\"text-align: justify;\">Aqu\u00ed os traigo las portadas de la edici\u00f3n inglesa y americana de <strong><em>Sharp Ends, <\/em><\/strong>la colecci\u00f3n de relatos cortos de <a href=\"https:\/\/www.fantasticaficcion.com\/index.php\/joe-abercrombie-en-pagina-2\/\" target=\"_blank\"><strong>Joe Abercrombie<\/strong><\/a>. Despu\u00e9s de leer<a href=\"https:\/\/www.fantasticaficcion.com\/index.php\/the-best-science-fiction-fantasy-of-the-year-vol-9\/\" target=\"_blank\"> su relato <\/a><strong>\u201cTough Times All Over<\/strong>&#8221; confieso que siento mucha curiosidad por el resto de su obra corta.<\/p>\n<blockquote>\n<p style=\"text-align: justify;\"><a href=\"https:\/\/www.fantasticaficcion.com\/?attachment_id=5224\" rel=\"attachment wp-att-5224\"><img loading=\"lazy\" decoding=\"async\" class=\"aligncenter size-full wp-image-5224\" src=\"https:\/\/www.fantasticaficcion.com\/wp-content\/uploads\/2015\/12\/Sharp-Ends-FC.jpg\" alt=\"Sharp-Ends-FC\" width=\"403\" height=\"640\" srcset=\"https:\/\/www.fantasticaficcion.com\/wp-content\/uploads\/2015\/12\/Sharp-Ends-FC.jpg 403w, https:\/\/www.fantasticaficcion.com\/wp-content\/uploads\/2015\/12\/Sharp-Ends-FC-189x300.jpg 189w\" sizes=\"auto, (max-width: 403px) 100vw, 403px\" \/><\/a> <a href=\"https:\/\/www.fantasticaficcion.com\/?attachment_id=5225\" rel=\"attachment wp-att-5225\"><img loading=\"lazy\" decoding=\"async\" class=\"aligncenter size-full wp-image-5225\" src=\"https:\/\/www.fantasticaficcion.com\/wp-content\/uploads\/2015\/12\/Abercrombie_SharpEnds-HC.jpg.jpeg\" alt=\"Abercrombie_SharpEnds-HC.jpg\" width=\"415\" height=\"640\" srcset=\"https:\/\/www.fantasticaficcion.com\/wp-content\/uploads\/2015\/12\/Abercrombie_SharpEnds-HC.jpg.jpeg 415w, https:\/\/www.fantasticaficcion.com\/wp-content\/uploads\/2015\/12\/Abercrombie_SharpEnds-HC.jpg-195x300.jpeg 195w\" sizes=\"auto, (max-width: 415px) 100vw, 415px\" \/><\/a><i>The Union may be full of bastards, but there\u2019s only one who thinks he can save the day single-handed when the Gurkish come calling: the incomparable Colonel Sand dan Glokta.<\/i><br \/>\n<i><br \/>\n<\/i><i>Curnden Craw and his dozen are out to recover a mysterious item from beyond the Crinna. Only one small problem: no one seems to know what the item is.<\/i><br \/>\n<i><br \/>\n<\/i><i>Shevedieh, the self-styled best thief in Styria, lurches from disaster to catastrophe alongside her best friend and greatest enemy, Javre, Lioness of Hoskopp.<\/i><br \/>\n<i><br \/>\n<\/i><i>And after years of bloodshed, the idealistic chieftain Bethod is desperate to bring peace to the North. There\u2019s only one obstacle left \u2013 his own lunatic champion, the most feared man in the North: the Bloody-Nine . . .<\/i><br \/>\n<i><br \/>\n<\/i><i>Sharp Ends combines previously published, award-winning short tales with exclusive new short stories. Violence explodes, treachery abounds, and the words are as deadly as the weapons in this rogue\u2019s gallery of side-shows, back-stories, and sharp endings from the world of the First Law.<\/i><\/p>\n<\/blockquote>\n","protected":false},"excerpt":{"rendered":"<p>Aqu\u00ed os traigo las portadas de la edici\u00f3n inglesa y americana de Sharp Ends, la colecci\u00f3n de relatos cortos de Joe Abercrombie. Despu\u00e9s de leer su relato \u201cTough Times All Over&#8221; confieso que siento mucha curiosidad por el resto de su obra corta. The Union may be full of bastards, but there\u2019s only one who &hellip; <\/p>\n<p class=\"link-more\"><a href=\"https:\/\/www.fantasticaficcion.com\/index.php\/portadas-de-sharp-ends-coleccion-de-joe-abercrombie\/\" class=\"more-link\">Continuar leyendo<span class=\"screen-reader-text\"> &#8220;Portadas de Sharp Ends, colecci\u00f3n de Joe Abercrombie&#8221;<\/span><\/a><\/p>\n","protected":false},"author":1,"featured_media":0,"comment_status":"open","ping_status":"open","sticky":false,"template":"","format":"standard","meta":{"jetpack_post_was_ever_published":false,"_jetpack_newsletter_access":"","_jetpack_dont_email_post_to_subs":false,"_jetpack_newsletter_tier_id":0,"_jetpack_memberships_contains_paywalled_content":false,"_jetpack_memberships_contains_paid_content":false,"footnotes":""},"categories":[5,24],"tags":[61,190,96],"class_list":["post-5223","post","type-post","status-publish","format-standard","hentry","category-fantasia","category-relatos-cortos","tag-joe-abercrombie","tag-noticias","tag-portadas"],"jetpack_featured_media_url":"","jetpack_shortlink":"https:\/\/wp.me\/p5fEpk-1mf","jetpack_sharing_enabled":true,"_links":{"self":[{"href":"https:\/\/www.fantasticaficcion.com\/index.php\/wp-json\/wp\/v2\/posts\/5223","targetHints":{"allow":["GET"]}}],"collection":[{"href":"https:\/\/www.fantasticaficcion.com\/index.php\/wp-json\/wp\/v2\/posts"}],"about":[{"href":"https:\/\/www.fantasticaficcion.com\/index.php\/wp-json\/wp\/v2\/types\/post"}],"author":[{"embeddable":true,"href":"https:\/\/www.fantasticaficcion.com\/index.php\/wp-json\/wp\/v2\/users\/1"}],"replies":[{"embeddable":true,"href":"https:\/\/www.fantasticaficcion.com\/index.php\/wp-json\/wp\/v2\/comments?post=5223"}],"version-history":[{"count":1,"href":"https:\/\/www.fantasticaficcion.com\/index.php\/wp-json\/wp\/v2\/posts\/5223\/revisions"}],"predecessor-version":[{"id":5226,"href":"https:\/\/www.fantasticaficcion.com\/index.php\/wp-json\/wp\/v2\/posts\/5223\/revisions\/5226"}],"wp:attachment":[{"href":"https:\/\/www.fantasticaficcion.com\/index.php\/wp-json\/wp\/v2\/media?parent=5223"}],"wp:term":[{"taxonomy":"category","embeddable":true,"href":"https:\/\/www.fantasticaficcion.com\/index.php\/wp-json\/wp\/v2\/categories?post=5223"},{"taxonomy":"post_tag","embeddable":true,"href":"https:\/\/www.fantasticaficcion.com\/index.php\/wp-json\/wp\/v2\/tags?post=5223"}],"curies":[{"name":"wp","href":"https:\/\/api.w.org\/{rel}","templated":true}]}}