{"id":5073,"date":"2015-12-09T06:36:30","date_gmt":"2015-12-09T06:36:30","guid":{"rendered":"http:\/\/www.fantasticaficcion.com\/?p=5073"},"modified":"2015-12-09T06:36:30","modified_gmt":"2015-12-09T06:36:30","slug":"portada-de-the-years-best-science-fiction-32-annual-collection-2","status":"publish","type":"post","link":"https:\/\/www.fantasticaficcion.com\/index.php\/portada-de-the-years-best-science-fiction-32-annual-collection-2\/","title":{"rendered":"Portada de The year\u2019s best science fiction 32 annual collection"},"content":{"rendered":"<p style=\"text-align: justify;\">Aqu\u00ed ten\u00e9is la portada de la siguiente entrega de la mejor ciencia ficci\u00f3n editada por <a href=\"http:\/\/www.sfsignal.com\/archives\/2015\/09\/heres-the-fantastic-jim-burns-cover-for-the-years-best-science-fiction-thirty-third-annual-collection-edited-by-gardner-dozois\/?utm_source=feedburner&amp;utm_medium=feed&amp;utm_campaign=Feed%3A+Sfsignal+%28SFSignal%29\" target=\"_blank\">Gardner Dozois,<\/a> que ya va por su entrega n\u00famero 33.<\/p>\n<p style=\"text-align: justify;\">\u00bfQu\u00e9 os parece? A m\u00ed me gustaba m\u00e1s<a href=\"https:\/\/www.fantasticaficcion.com\/index.php\/portada-de-the-years-best-science-fiction-32-annual-collection\/\"> la del a\u00f1o anterior<\/a>, la verdad.<\/p>\n<p style=\"text-align: justify;\"><a href=\"https:\/\/www.fantasticaficcion.com\/wp-content\/uploads\/2015\/10\/33dozois.jpg\"><img loading=\"lazy\" decoding=\"async\" class=\"aligncenter size-full wp-image-5074\" src=\"https:\/\/www.fantasticaficcion.com\/wp-content\/uploads\/2015\/10\/33dozois.jpg\" alt=\"33dozois\" width=\"600\" height=\"874\" srcset=\"https:\/\/www.fantasticaficcion.com\/wp-content\/uploads\/2015\/10\/33dozois.jpg 600w, https:\/\/www.fantasticaficcion.com\/wp-content\/uploads\/2015\/10\/33dozois-206x300.jpg 206w\" sizes=\"auto, (max-width: 600px) 100vw, 600px\" \/><\/a><\/p>\n","protected":false},"excerpt":{"rendered":"<p>Aqu\u00ed ten\u00e9is la portada de la siguiente entrega de la mejor ciencia ficci\u00f3n editada por Gardner Dozois, que ya va por su entrega n\u00famero 33. \u00bfQu\u00e9 os parece? A m\u00ed me gustaba m\u00e1s la del a\u00f1o anterior, la verdad.<\/p>\n","protected":false},"author":1,"featured_media":0,"comment_status":"open","ping_status":"open","sticky":false,"template":"","format":"standard","meta":{"jetpack_post_was_ever_published":false,"_jetpack_newsletter_access":"","_jetpack_dont_email_post_to_subs":false,"_jetpack_newsletter_tier_id":0,"_jetpack_memberships_contains_paywalled_content":false,"_jetpack_memberships_contains_paid_content":false,"footnotes":""},"categories":[10],"tags":[190,96],"class_list":["post-5073","post","type-post","status-publish","format-standard","hentry","category-ciencia-ficcion-2","tag-noticias","tag-portadas"],"jetpack_featured_media_url":"","jetpack_shortlink":"https:\/\/wp.me\/p5fEpk-1jP","jetpack_sharing_enabled":true,"_links":{"self":[{"href":"https:\/\/www.fantasticaficcion.com\/index.php\/wp-json\/wp\/v2\/posts\/5073","targetHints":{"allow":["GET"]}}],"collection":[{"href":"https:\/\/www.fantasticaficcion.com\/index.php\/wp-json\/wp\/v2\/posts"}],"about":[{"href":"https:\/\/www.fantasticaficcion.com\/index.php\/wp-json\/wp\/v2\/types\/post"}],"author":[{"embeddable":true,"href":"https:\/\/www.fantasticaficcion.com\/index.php\/wp-json\/wp\/v2\/users\/1"}],"replies":[{"embeddable":true,"href":"https:\/\/www.fantasticaficcion.com\/index.php\/wp-json\/wp\/v2\/comments?post=5073"}],"version-history":[{"count":1,"href":"https:\/\/www.fantasticaficcion.com\/index.php\/wp-json\/wp\/v2\/posts\/5073\/revisions"}],"predecessor-version":[{"id":5075,"href":"https:\/\/www.fantasticaficcion.com\/index.php\/wp-json\/wp\/v2\/posts\/5073\/revisions\/5075"}],"wp:attachment":[{"href":"https:\/\/www.fantasticaficcion.com\/index.php\/wp-json\/wp\/v2\/media?parent=5073"}],"wp:term":[{"taxonomy":"category","embeddable":true,"href":"https:\/\/www.fantasticaficcion.com\/index.php\/wp-json\/wp\/v2\/categories?post=5073"},{"taxonomy":"post_tag","embeddable":true,"href":"https:\/\/www.fantasticaficcion.com\/index.php\/wp-json\/wp\/v2\/tags?post=5073"}],"curies":[{"name":"wp","href":"https:\/\/api.w.org\/{rel}","templated":true}]}}