{"id":4866,"date":"2015-09-02T05:31:49","date_gmt":"2015-09-02T05:31:49","guid":{"rendered":"http:\/\/www.fantasticaficcion.com\/?p=4866"},"modified":"2016-08-01T09:26:17","modified_gmt":"2016-08-01T09:26:17","slug":"the-city-and-the-city-sera-una-serie-de-tv","status":"publish","type":"post","link":"https:\/\/www.fantasticaficcion.com\/index.php\/the-city-and-the-city-sera-una-serie-de-tv\/","title":{"rendered":"The city and the city ser\u00e1 una serie de TV"},"content":{"rendered":"<p style=\"text-align: justify;\">La BBC <a href=\"http:\/\/www.bbc.co.uk\/mediacentre\/latestnews\/2015\/the-city-and-the-city?utm_content=buffer55e21&amp;utm_medium=social&amp;utm_source=facebook.com&amp;utm_campaign=buffer\" target=\"_blank\">ha anunciado<\/a> que adaptar\u00e1 la obra de China Mi\u00e9ville <em><strong>The city and the city, <\/strong><\/em>como una miniserie de cuatro cap\u00edtulos.<\/p>\n<p style=\"text-align: justify;\"><em><strong>The city and the city<\/strong><\/em> es considerada una de las obras m\u00e1s accesibles del autor, en un escenario donde dos ciudades comparten el mismo espacio f\u00edsico.<\/p>\n<p style=\"text-align: justify;\">Los productores han afirmado:<\/p>\n<blockquote>\n<p style=\"text-align: justify;\">&#8220;We are thrilled to be bringing China&#8217;s dazzlingly inventive novel to BBC Two. It&#8217;s a 21st Century classic &#8211; a truly thrilling and imaginative work which asks big questions about how we perceive the world and how we interact with each other.&#8221;<\/p>\n<\/blockquote>\n<p style=\"text-align: justify;\">No hay fecha confirmada, as\u00ed que la miniserie se espera para finales del a\u00f1o que viene o principios del siguiente.<\/p>\n","protected":false},"excerpt":{"rendered":"<p>La BBC ha anunciado que adaptar\u00e1 la obra de China Mi\u00e9ville The city and the city, como una miniserie de cuatro cap\u00edtulos. The city and the city es considerada una de las obras m\u00e1s accesibles del autor, en un escenario donde dos ciudades comparten el mismo espacio f\u00edsico. Los productores han afirmado: &#8220;We are thrilled &hellip; <\/p>\n<p class=\"link-more\"><a href=\"https:\/\/www.fantasticaficcion.com\/index.php\/the-city-and-the-city-sera-una-serie-de-tv\/\" class=\"more-link\">Continuar leyendo<span class=\"screen-reader-text\"> &#8220;The city and the city ser\u00e1 una serie de TV&#8221;<\/span><\/a><\/p>\n","protected":false},"author":1,"featured_media":0,"comment_status":"open","ping_status":"open","sticky":false,"template":"","format":"standard","meta":{"jetpack_post_was_ever_published":false,"_jetpack_newsletter_access":"","_jetpack_dont_email_post_to_subs":false,"_jetpack_newsletter_tier_id":0,"_jetpack_memberships_contains_paywalled_content":false,"_jetpack_memberships_contains_paid_content":false,"footnotes":""},"categories":[10],"tags":[491,190],"class_list":["post-4866","post","type-post","status-publish","format-standard","hentry","category-ciencia-ficcion-2","tag-adaptaciones","tag-noticias"],"jetpack_featured_media_url":"","jetpack_shortlink":"https:\/\/wp.me\/p5fEpk-1gu","jetpack_sharing_enabled":true,"_links":{"self":[{"href":"https:\/\/www.fantasticaficcion.com\/index.php\/wp-json\/wp\/v2\/posts\/4866","targetHints":{"allow":["GET"]}}],"collection":[{"href":"https:\/\/www.fantasticaficcion.com\/index.php\/wp-json\/wp\/v2\/posts"}],"about":[{"href":"https:\/\/www.fantasticaficcion.com\/index.php\/wp-json\/wp\/v2\/types\/post"}],"author":[{"embeddable":true,"href":"https:\/\/www.fantasticaficcion.com\/index.php\/wp-json\/wp\/v2\/users\/1"}],"replies":[{"embeddable":true,"href":"https:\/\/www.fantasticaficcion.com\/index.php\/wp-json\/wp\/v2\/comments?post=4866"}],"version-history":[{"count":1,"href":"https:\/\/www.fantasticaficcion.com\/index.php\/wp-json\/wp\/v2\/posts\/4866\/revisions"}],"predecessor-version":[{"id":4867,"href":"https:\/\/www.fantasticaficcion.com\/index.php\/wp-json\/wp\/v2\/posts\/4866\/revisions\/4867"}],"wp:attachment":[{"href":"https:\/\/www.fantasticaficcion.com\/index.php\/wp-json\/wp\/v2\/media?parent=4866"}],"wp:term":[{"taxonomy":"category","embeddable":true,"href":"https:\/\/www.fantasticaficcion.com\/index.php\/wp-json\/wp\/v2\/categories?post=4866"},{"taxonomy":"post_tag","embeddable":true,"href":"https:\/\/www.fantasticaficcion.com\/index.php\/wp-json\/wp\/v2\/tags?post=4866"}],"curies":[{"name":"wp","href":"https:\/\/api.w.org\/{rel}","templated":true}]}}