{"id":4851,"date":"2015-09-23T05:26:49","date_gmt":"2015-09-23T05:26:49","guid":{"rendered":"http:\/\/www.fantasticaficcion.com\/?p=4851"},"modified":"2015-09-23T05:26:49","modified_gmt":"2015-09-23T05:26:49","slug":"nuevo-libro-de-christopher-priest","status":"publish","type":"post","link":"https:\/\/www.fantasticaficcion.com\/index.php\/nuevo-libro-de-christopher-priest\/","title":{"rendered":"Nuevo libro de Christopher Priest"},"content":{"rendered":"<p style=\"text-align: justify;\">El autor <strong><a href=\"http:\/\/www.christopher-priest.co.uk\/journal\/2598\/new-doors-open\/\" target=\"_blank\">Christopher Priest<\/a> <\/strong>ha anunciado en su blog que ha terminado su nueva novela, que se llamar\u00e1 <strong><em>The gradual, <\/em><\/strong>pero no ha dicho nada sobre fechas de publicaci\u00f3n, aunque es de suponer que llegar\u00e1 en 2016.<\/p>\n<p style=\"text-align: justify;\">Aqu\u00ed os pongo las propias palabras del autor:<\/p>\n<blockquote>\n<p style=\"text-align: justify;\"><em>The Gradual<\/em> is the first conventionally written novel I have produced since <em>The Extremes<\/em> in 1998: it is a straightforward narrative told in sequence. It is about time and the perception of the passing of time. There are those who have said they noticed certain recurring images in my recent novels: identical twins, for instance, or stage magic, or invisibility, or the sainted presence of H. G. Wells. Such critics will not find any of them in <em>The Gradual<\/em>. The narrator is also completely reliable. Hah.<\/p>\n<\/blockquote>\n","protected":false},"excerpt":{"rendered":"<p>El autor Christopher Priest ha anunciado en su blog que ha terminado su nueva novela, que se llamar\u00e1 The gradual, pero no ha dicho nada sobre fechas de publicaci\u00f3n, aunque es de suponer que llegar\u00e1 en 2016. Aqu\u00ed os pongo las propias palabras del autor: The Gradual is the first conventionally written novel I have &hellip; <\/p>\n<p class=\"link-more\"><a href=\"https:\/\/www.fantasticaficcion.com\/index.php\/nuevo-libro-de-christopher-priest\/\" class=\"more-link\">Continuar leyendo<span class=\"screen-reader-text\"> &#8220;Nuevo libro de Christopher Priest&#8221;<\/span><\/a><\/p>\n","protected":false},"author":1,"featured_media":0,"comment_status":"open","ping_status":"open","sticky":false,"template":"","format":"standard","meta":{"jetpack_post_was_ever_published":false,"_jetpack_newsletter_access":"","_jetpack_dont_email_post_to_subs":false,"_jetpack_newsletter_tier_id":0,"_jetpack_memberships_contains_paywalled_content":false,"_jetpack_memberships_contains_paid_content":false,"footnotes":""},"categories":[10],"tags":[341,190],"class_list":["post-4851","post","type-post","status-publish","format-standard","hentry","category-ciencia-ficcion-2","tag-christopher-priest","tag-noticias"],"jetpack_featured_media_url":"","jetpack_shortlink":"https:\/\/wp.me\/p5fEpk-1gf","jetpack_sharing_enabled":true,"_links":{"self":[{"href":"https:\/\/www.fantasticaficcion.com\/index.php\/wp-json\/wp\/v2\/posts\/4851","targetHints":{"allow":["GET"]}}],"collection":[{"href":"https:\/\/www.fantasticaficcion.com\/index.php\/wp-json\/wp\/v2\/posts"}],"about":[{"href":"https:\/\/www.fantasticaficcion.com\/index.php\/wp-json\/wp\/v2\/types\/post"}],"author":[{"embeddable":true,"href":"https:\/\/www.fantasticaficcion.com\/index.php\/wp-json\/wp\/v2\/users\/1"}],"replies":[{"embeddable":true,"href":"https:\/\/www.fantasticaficcion.com\/index.php\/wp-json\/wp\/v2\/comments?post=4851"}],"version-history":[{"count":1,"href":"https:\/\/www.fantasticaficcion.com\/index.php\/wp-json\/wp\/v2\/posts\/4851\/revisions"}],"predecessor-version":[{"id":4852,"href":"https:\/\/www.fantasticaficcion.com\/index.php\/wp-json\/wp\/v2\/posts\/4851\/revisions\/4852"}],"wp:attachment":[{"href":"https:\/\/www.fantasticaficcion.com\/index.php\/wp-json\/wp\/v2\/media?parent=4851"}],"wp:term":[{"taxonomy":"category","embeddable":true,"href":"https:\/\/www.fantasticaficcion.com\/index.php\/wp-json\/wp\/v2\/categories?post=4851"},{"taxonomy":"post_tag","embeddable":true,"href":"https:\/\/www.fantasticaficcion.com\/index.php\/wp-json\/wp\/v2\/tags?post=4851"}],"curies":[{"name":"wp","href":"https:\/\/api.w.org\/{rel}","templated":true}]}}