{"id":4233,"date":"2015-05-10T10:50:06","date_gmt":"2015-05-10T10:50:06","guid":{"rendered":"http:\/\/www.fantasticaficcion.com\/?p=4233"},"modified":"2015-05-10T10:50:06","modified_gmt":"2015-05-10T10:50:06","slug":"nominados-ignotus-2015","status":"publish","type":"post","link":"https:\/\/www.fantasticaficcion.com\/index.php\/nominados-ignotus-2015\/","title":{"rendered":"Nominados Ignotus 2015"},"content":{"rendered":"<p>Ya conocemos los nominados a los premios Ignotus este a\u00f1o. Son los siguientes:<\/p>\n<h3>Novela<\/h3>\n<p><em>A vuestras mentes dispersas<\/em>, de Joan Antoni Fern\u00e1ndez (Ed. Juan Jos\u00e9 Aroz)<br \/>\n<em>El libro de Ivo<\/em>, de Juan Cuadra P\u00e9rez (Ed. Fantascy)<br \/>\n<em>El mapa del caos<\/em>, de F\u00e9lix J. Palma (Ed. Plaza&amp;Jan\u00e9s)<br \/>\n<em>La inconquistable<\/em>, de Jos\u00e9 Antonio Bonilla (Ed. Autores Premiados)<br \/>\n<em>La piedad del Primero<\/em>, de Pablo Bueno (Ed. Sportula)<br \/>\n<em>Las tierras en juego<\/em>, de Arkaitz Le\u00f3n Muela (Ed. C\u00edrculo Rojo)<br \/>\n<em>Un minuto antes de la oscuridad<\/em>, de Ismael Mart\u00ednez Biurrun (Ed. Fantascy)<\/p>\n<h3>Novela corta<\/h3>\n<p><em>Adepta<\/em>, de Felicidad Mart\u00ednez (Ed. Sportula)<br \/>\n<em>El rey lansquenete<\/em>, de Santiago Garc\u00eda Alb\u00e1s (Ed. Sportula)<br \/>\n<em>La epopeya de los amantes<\/em>, de Miguel Santander, en <em>Terra Nova 3<\/em> (Ed. Fantascy)<br \/>\n<em>Los centinelas del tiempo<\/em>, de Javier Negrete, en <em>Ma\u00f1ana todav\u00eda<\/em> (Ed. Fantascy)<br \/>\n<em>Pasteles de barro<\/em>, de Carlos Mart\u00ed Mezquita (Ed. Autores Premiados)<\/p>\n<h3>Cuento<\/h3>\n<p>\u201cAntonio Benjumea\u201d, de Cristina Jurado, en <em>Cr\u00f3nicas de tinieblas<\/em> (Ed. Sportula)<br \/>\n\u201cCasas rojas\u201d, de Nieves Delgado, en <em>Alucinadas<\/em> (Ed. Palabaristas)<br \/>\n\u201cEl pastor de naves\u201d, de Felicidad Mart\u00ednez, en <em>Empaquetados<\/em> (Ed. Sportula)<br \/>\n\u201cProlang\u201d, de Ricardo Montesinos, en <em>Terra Nova 3<\/em> (Ed. Fantascy)<br \/>\n\u201cWeKids\u201d, de Laura Gallego, en <em>Ma\u00f1ana todav\u00eda<\/em> (Ed. Fantascy)<\/p>\n<h3>Antolog\u00eda<\/h3>\n<p><em>Alucinadas<\/em>, de Varios Autores (Ed. Palabaristas)<br \/>\n<em>Cuentos para Algernon A\u00f1o II<\/em>, de Varios Autores (Ed. blog Cuentos para Algernon)<br \/>\n<em>El ciclo de Xuya<\/em>, de Aliette de Bodard (Ed. Fata Libelli)<br \/>\n<em>Ma\u00f1ana todav\u00eda<\/em>, de Varios Autores (Ed. Fantascy)<br \/>\n<em>Terra Nova 3<\/em>, de Varios Autores (Ed. Fantascy)<\/p>\n<h3>Libro de Ensayo<\/h3>\n<p>Categor\u00eda cancelada en esta edici\u00f3n al no haber alcanzado el m\u00ednimo de candidaturas referidas en el art\u00edculo 26 del Reglamento.<\/p>\n<h3>Art\u00edculo<\/h3>\n<p>\u201c20 autores de relatos de ciencia ficci\u00f3n que deber\u00edas estar leyendo\u201d, de El\u00edas F. Combarro, en <em>Sense of Wonder<\/em> (http:\/\/sentidodelamaravilla.blogspot.com.es\/2014\/01\/20-autores-de-relatos-de-ciencia.html)<br \/>\n\u201cEl futuro bajo sospecha\u201d, de Ismael Mart\u00ednez Biurrun, en <em>C<\/em> (http:\/\/www.ccyberdark.net\/1747\/el-futuro-bajo-sospecha)<br \/>\n\u201cFachas del espacio\u201d, de F\u00e9lix Garc\u00eda, en <em>El fantascopio<\/em> (http:\/\/elfantascopio.com\/?p=250)<br \/>\n\u201cIntroducci\u00f3n\u201d, de Fernando \u00c1ngel Moreno y Juli\u00e1n D\u00edez, en <em>Historia y antolog\u00eda de la ciencia ficci\u00f3n espa\u00f1ola<\/em> (Ed. C\u00e1tedra)<br \/>\n\u201cPremios Ignotus para Dummies\u201d, de Juanma Santiago, en <em>Los premios Ignotus 1991-2000<\/em> (Ed. Sportula)<br \/>\n\u201cYo sobreviv\u00ed a las guerras del f\u00e1ndom (incluso las provoqu\u00e9)\u201d, de Juanma Santiago, en <em>Pornograf\u00eda emocional<\/em> (http:\/\/juanmasantiagoblog.blogspot.com.es)<\/p>\n<h3>Ilustraci\u00f3n<\/h3>\n<p>Cubierta de <em>A vuestras mentes dispersas<\/em>, de Koldo Campo (Ed. Juan Jos\u00e9 Aroz)<br \/>\nCubierta de <em>Antes del primer d\u00eda<\/em>, de Koldo Campo (Ed. Juan Jos\u00e9 Aroz)<br \/>\nCubierta de <em>Cr\u00f3nicas de tinieblas<\/em>, de Juan Miguel Aguilera (Ed. Sportula)<br \/>\nCubierta de <em>La inconquistable<\/em>, de Rom\u00e1n Garc\u00eda Mora (Ed. Autores Premiados)<br \/>\nCubierta de <em>La piedad del Primero<\/em>, de Olga Esther (Ed. Sportula)<br \/>\nCubierta de <em>Las tierras en juego<\/em>, de Mar\u00eda Paz Muela (Ed. C\u00edrculo Rojo)<br \/>\nCubierta de <em>Retrofuturismos<\/em>, de Alejandro Colucci (Ed. Nevsky)<\/p>\n<h3>Producci\u00f3n audiovisual<\/h3>\n<p><em>Canal de YouTube de Sense of Wonder<\/em>, de El\u00edas F. Combarro. V\u00eddeo (https:\/\/www.youtube.com\/user\/Sentidodelamaravilla)<br \/>\n<em>La cueva<\/em>, de Alfredo Montero (director). Largometraje (Filmax International y Morena Films)<br \/>\n<em>La \u00f3rbita de Endor<\/em>, de Varios Autores. Podcast (http:\/\/laorbitadeendor.blogspot.com.es)<br \/>\n<em>Los Verdhugos<\/em>, de Varios Autores. Podcast (http:\/\/verdhugos.blogspot.com.es)<br \/>\n<em>Luces en el horizonte<\/em>, de Luis Mart\u00ednez Vall\u00e9s. Radio y Podcast (https:\/\/lucesenelhorizonte.wordpress.com\/)<br \/>\n<em>The Spoiler Club<\/em>, de Varios Autores. Videocast (http:\/\/thespoilerclub.tumblr.com)<\/p>\n<h3>Tebeo<\/h3>\n<p>Categor\u00eda cancelada en esta edici\u00f3n al no haber alcanzado el m\u00ednimo de candidaturas referidas en el art\u00edculo 26 del Reglamento.<\/p>\n<h3>Obra po\u00e9tica<\/h3>\n<p>Categor\u00eda cancelada en esta edici\u00f3n al no haber alcanzado el m\u00ednimo de candidaturas referidas en el art\u00edculo 26 del Reglamento.<\/p>\n<h3>Revista<\/h3>\n<p><em>Alfa Eridiani<\/em> (Ed. Asociaci\u00f3n Alfa Eridiani)<br \/>\n<em>Barsoom<\/em> (Ed. La hermandad del enmascarado)<br \/>\n<em>Delirio<\/em> (Ed. La biblioteca del laberinto)<br \/>\n<em>miNatura<\/em> (Ed. Ricardo Acevedo y Carmen Rosa Signes Urrea)<br \/>\n<em>Planetas Prohibidos<\/em> (Ed. Grupo Planetas Prohibidos)<br \/>\n<em>Presencia Humana<\/em> (Ed. Aristas Mart\u00ednez)<br \/>\n<em>Scifiworld<\/em> (Ed. http:\/\/www.scifiworld.es)<\/p>\n<h3>Novela extranjera<\/h3>\n<p><em>Aniquilaci\u00f3n<\/em>, de Jeff Vandermeer (Ed. Destino)<br \/>\n<em>El marciano<\/em>, de Andy Weir (Ed. Ediciones B)<br \/>\n<em>El rito<\/em>, de Laird Barron (Ed. Valdemar)<br \/>\n<em>La m\u00fasica del silencio<\/em>, de Patrick Rothfuss (Ed. Plaza&amp;Jan\u00e9s)<br \/>\n<em>Perill\u00e1n<\/em>, de Terry Pratchet (Ed. Fantascy)<\/p>\n<h3>Cuento extranjero<\/h3>\n<p>\u201c\u00bfQui\u00e9n cuidar\u00e1 de los dioses?\u201d, de Liu Cixin, en <em>Terra Nova 3<\/em> (Ed. Fantascy)<br \/>\n\u201cEl jugador\u201d, de Paolo Bacigalupi, <em>Terra Nova 3<\/em> (Ed. Fantascy)<br \/>\n\u201cEn una estaci\u00f3n roja, a la deriva\u201d, de Aliette de Bodard (Ed. Fata Libelli)<br \/>\n\u201cLegi\u00f3n\u201d, Brandon Sanderson, en <em>Legi\u00f3n y El alma del emperador<\/em> (Ed. Fantascy)<br \/>\n\u201cMono no aware\u201d, de Ken Liu, en <em>Terra Nova 3<\/em> (Ed. Fantascy)<\/p>\n<h3>Sitio Web<\/h3>\n<p><em>Cuentos para Algernon<\/em>, de Marcheto (https:\/\/cuentosparaalgernon.wordpress.com)<br \/>\n<em>Donde acaba el infinito<\/em>, de Alexander P\u00e1ez (http:\/\/dondeterminaelinfinito.blogspot.com.es)<br \/>\n<em>Fant\u00edfica<\/em>, de Random House Mondadori (http:\/\/www.fantifica.com)<br \/>\n<em>La tercera fundaci\u00f3n<\/em>, de La asociaci\u00f3n Cultural Los Conseguidores (http:\/\/www.tercerafundacion.net)<br \/>\n<em>Literatura fant\u00e1stica<\/em>, de Mariano Villarreal (http:\/\/literfan.cyberdark.net)<br \/>\n<em>Sense of Wonder<\/em>, de El\u00edas F. Combarro (http:\/\/sentidodelamaravilla.blogspot.com.es)<\/p>\n<p>Enhorabuena a los nominados y muchas, much\u00edsimas gracias a los que hab\u00e9is votado a los proyectos en los que participo.<\/p>\n","protected":false},"excerpt":{"rendered":"<p>Ya conocemos los nominados a los premios Ignotus este a\u00f1o. Son los siguientes: Novela A vuestras mentes dispersas, de Joan Antoni Fern\u00e1ndez (Ed. Juan Jos\u00e9 Aroz) El libro de Ivo, de Juan Cuadra P\u00e9rez (Ed. Fantascy) El mapa del caos, de F\u00e9lix J. Palma (Ed. Plaza&amp;Jan\u00e9s) La inconquistable, de Jos\u00e9 Antonio Bonilla (Ed. Autores Premiados) &hellip; <\/p>\n<p class=\"link-more\"><a href=\"https:\/\/www.fantasticaficcion.com\/index.php\/nominados-ignotus-2015\/\" class=\"more-link\">Continuar leyendo<span class=\"screen-reader-text\"> &#8220;Nominados Ignotus 2015&#8221;<\/span><\/a><\/p>\n","protected":false},"author":1,"featured_media":0,"comment_status":"open","ping_status":"open","sticky":false,"template":"","format":"standard","meta":{"jetpack_post_was_ever_published":false,"_jetpack_newsletter_access":"","_jetpack_dont_email_post_to_subs":false,"_jetpack_newsletter_tier_id":0,"_jetpack_memberships_contains_paywalled_content":false,"_jetpack_memberships_contains_paid_content":false,"footnotes":""},"categories":[10,5],"tags":[190,80,604],"class_list":["post-4233","post","type-post","status-publish","format-standard","hentry","category-ciencia-ficcion-2","category-fantasia","tag-noticias","tag-premios","tag-premios-ignotus"],"jetpack_featured_media_url":"","jetpack_shortlink":"https:\/\/wp.me\/p5fEpk-16h","jetpack_sharing_enabled":true,"_links":{"self":[{"href":"https:\/\/www.fantasticaficcion.com\/index.php\/wp-json\/wp\/v2\/posts\/4233","targetHints":{"allow":["GET"]}}],"collection":[{"href":"https:\/\/www.fantasticaficcion.com\/index.php\/wp-json\/wp\/v2\/posts"}],"about":[{"href":"https:\/\/www.fantasticaficcion.com\/index.php\/wp-json\/wp\/v2\/types\/post"}],"author":[{"embeddable":true,"href":"https:\/\/www.fantasticaficcion.com\/index.php\/wp-json\/wp\/v2\/users\/1"}],"replies":[{"embeddable":true,"href":"https:\/\/www.fantasticaficcion.com\/index.php\/wp-json\/wp\/v2\/comments?post=4233"}],"version-history":[{"count":1,"href":"https:\/\/www.fantasticaficcion.com\/index.php\/wp-json\/wp\/v2\/posts\/4233\/revisions"}],"predecessor-version":[{"id":4234,"href":"https:\/\/www.fantasticaficcion.com\/index.php\/wp-json\/wp\/v2\/posts\/4233\/revisions\/4234"}],"wp:attachment":[{"href":"https:\/\/www.fantasticaficcion.com\/index.php\/wp-json\/wp\/v2\/media?parent=4233"}],"wp:term":[{"taxonomy":"category","embeddable":true,"href":"https:\/\/www.fantasticaficcion.com\/index.php\/wp-json\/wp\/v2\/categories?post=4233"},{"taxonomy":"post_tag","embeddable":true,"href":"https:\/\/www.fantasticaficcion.com\/index.php\/wp-json\/wp\/v2\/tags?post=4233"}],"curies":[{"name":"wp","href":"https:\/\/api.w.org\/{rel}","templated":true}]}}