{"id":3897,"date":"2015-02-26T06:46:44","date_gmt":"2015-02-26T06:46:44","guid":{"rendered":"http:\/\/www.fantasticaficcion.com\/?p=3897"},"modified":"2015-02-26T06:46:44","modified_gmt":"2015-02-26T06:46:44","slug":"portada-de-ancillary-mercy","status":"publish","type":"post","link":"https:\/\/www.fantasticaficcion.com\/index.php\/portada-de-ancillary-mercy\/","title":{"rendered":"Portada de Ancillary Mercy"},"content":{"rendered":"<p style=\"text-align: justify;\">Hace unos d\u00edas os mostr\u00e1bamos la portada de la edici\u00f3n especial de <a title=\"Portada de la edici\u00f3n especial de Ancillary Justice\" href=\"https:\/\/www.fantasticaficcion.com\/index.php\/portada-de-la-edicion-especial-de-ancillary-justice\/\" target=\"_blank\"><strong><em>Ancillary Justice<\/em><\/strong><\/a> que se pondr\u00e1 a la venta dentro de poco y hoy os traemos la portada la novela que ser\u00e1 el final de la trilog\u00eda, titulada <em><strong>Ancillary Mercy<\/strong><\/em>.<\/p>\n<p style=\"text-align: justify;\"><a href=\"https:\/\/www.fantasticaficcion.com\/wp-content\/uploads\/2015\/02\/ancillarymercy.jpg\"><img loading=\"lazy\" decoding=\"async\" class=\"aligncenter size-full wp-image-3898\" src=\"https:\/\/www.fantasticaficcion.com\/wp-content\/uploads\/2015\/02\/ancillarymercy.jpg\" alt=\"ancillarymercy\" width=\"500\" height=\"750\" srcset=\"https:\/\/www.fantasticaficcion.com\/wp-content\/uploads\/2015\/02\/ancillarymercy.jpg 500w, https:\/\/www.fantasticaficcion.com\/wp-content\/uploads\/2015\/02\/ancillarymercy-200x300.jpg 200w\" sizes=\"auto, (max-width: 500px) 100vw, 500px\" \/><\/a>&#8220;Si funciona, no lo toques&#8221;. Si las otras portadas han ayudado a las ventas, no cabe duda de que aqu\u00ed se mantienen las mismas caracter\u00edsticas de las anteriores.<\/p>\n","protected":false},"excerpt":{"rendered":"<p>Hace unos d\u00edas os mostr\u00e1bamos la portada de la edici\u00f3n especial de Ancillary Justice que se pondr\u00e1 a la venta dentro de poco y hoy os traemos la portada la novela que ser\u00e1 el final de la trilog\u00eda, titulada Ancillary Mercy. &#8220;Si funciona, no lo toques&#8221;. Si las otras portadas han ayudado a las ventas, &hellip; <\/p>\n<p class=\"link-more\"><a href=\"https:\/\/www.fantasticaficcion.com\/index.php\/portada-de-ancillary-mercy\/\" class=\"more-link\">Continuar leyendo<span class=\"screen-reader-text\"> &#8220;Portada de Ancillary Mercy&#8221;<\/span><\/a><\/p>\n","protected":false},"author":1,"featured_media":0,"comment_status":"open","ping_status":"open","sticky":false,"template":"","format":"standard","meta":{"jetpack_post_was_ever_published":false,"_jetpack_newsletter_access":"","_jetpack_dont_email_post_to_subs":false,"_jetpack_newsletter_tier_id":0,"_jetpack_memberships_contains_paywalled_content":false,"_jetpack_memberships_contains_paid_content":false,"footnotes":""},"categories":[10],"tags":[337,190,96],"class_list":["post-3897","post","type-post","status-publish","format-standard","hentry","category-ciencia-ficcion-2","tag-ann-leckie","tag-noticias","tag-portadas"],"jetpack_featured_media_url":"","jetpack_shortlink":"https:\/\/wp.me\/p5fEpk-10R","jetpack_sharing_enabled":true,"_links":{"self":[{"href":"https:\/\/www.fantasticaficcion.com\/index.php\/wp-json\/wp\/v2\/posts\/3897","targetHints":{"allow":["GET"]}}],"collection":[{"href":"https:\/\/www.fantasticaficcion.com\/index.php\/wp-json\/wp\/v2\/posts"}],"about":[{"href":"https:\/\/www.fantasticaficcion.com\/index.php\/wp-json\/wp\/v2\/types\/post"}],"author":[{"embeddable":true,"href":"https:\/\/www.fantasticaficcion.com\/index.php\/wp-json\/wp\/v2\/users\/1"}],"replies":[{"embeddable":true,"href":"https:\/\/www.fantasticaficcion.com\/index.php\/wp-json\/wp\/v2\/comments?post=3897"}],"version-history":[{"count":2,"href":"https:\/\/www.fantasticaficcion.com\/index.php\/wp-json\/wp\/v2\/posts\/3897\/revisions"}],"predecessor-version":[{"id":3900,"href":"https:\/\/www.fantasticaficcion.com\/index.php\/wp-json\/wp\/v2\/posts\/3897\/revisions\/3900"}],"wp:attachment":[{"href":"https:\/\/www.fantasticaficcion.com\/index.php\/wp-json\/wp\/v2\/media?parent=3897"}],"wp:term":[{"taxonomy":"category","embeddable":true,"href":"https:\/\/www.fantasticaficcion.com\/index.php\/wp-json\/wp\/v2\/categories?post=3897"},{"taxonomy":"post_tag","embeddable":true,"href":"https:\/\/www.fantasticaficcion.com\/index.php\/wp-json\/wp\/v2\/tags?post=3897"}],"curies":[{"name":"wp","href":"https:\/\/api.w.org\/{rel}","templated":true}]}}