{"id":3783,"date":"2015-01-28T06:46:36","date_gmt":"2015-01-28T06:46:36","guid":{"rendered":"http:\/\/www.fantasticaficcion.com\/?p=3783"},"modified":"2015-01-28T06:46:36","modified_gmt":"2015-01-28T06:46:36","slug":"fecha-de-estreno-de-la-serie-powers","status":"publish","type":"post","link":"https:\/\/www.fantasticaficcion.com\/index.php\/fecha-de-estreno-de-la-serie-powers\/","title":{"rendered":"Fecha de estreno de la serie Powers"},"content":{"rendered":"<p style=\"text-align: justify;\"><a href=\"https:\/\/www.fantasticaficcion.com\/wp-content\/uploads\/2015\/01\/powersalive.jpg\"><img loading=\"lazy\" decoding=\"async\" class=\"aligncenter wp-image-3784 size-full\" src=\"https:\/\/www.fantasticaficcion.com\/wp-content\/uploads\/2015\/01\/powersalive.jpg\" alt=\"powersalive\" width=\"636\" height=\"358\" srcset=\"https:\/\/www.fantasticaficcion.com\/wp-content\/uploads\/2015\/01\/powersalive.jpg 636w, https:\/\/www.fantasticaficcion.com\/wp-content\/uploads\/2015\/01\/powersalive-300x169.jpg 300w, https:\/\/www.fantasticaficcion.com\/wp-content\/uploads\/2015\/01\/powersalive-624x351.jpg 624w\" sizes=\"auto, (max-width: 636px) 100vw, 636px\" \/><\/a>Hace un tiempo <a title=\"La serie de televisi\u00f3n de Powers ser\u00e1 contenido exclusivo de PlayStation\" href=\"https:\/\/www.fantasticaficcion.com\/index.php\/la-serie-de-television-de-powers-sera-contenido-exclusivo-de-playstation\/\">ya anunciamos<\/a> que PlayStation iba a emitir una serie basada en el c\u00f3mic <strong>Powers<\/strong>.<\/p>\n<p style=\"text-align: justify;\">Pues <a title=\"fecha powers\" href=\"http:\/\/io9.com\/brian-michael-bendis-powers-tv-series-gets-a-release-da-1680651668\" target=\"_blank\">ya sabemos<\/a> qu\u00e9 d\u00eda se va a estrenar el primer cap\u00edtulo, ser\u00e1 el<strong> 10 de marzo<\/strong> y PlayStation ha decidido que ese estreno sea gratis. Ya veremos qu\u00e9 tal sale esta producci\u00f3n, cuya premisa es muy interesante.<\/p>\n","protected":false},"excerpt":{"rendered":"<p>Hace un tiempo ya anunciamos que PlayStation iba a emitir una serie basada en el c\u00f3mic Powers. Pues ya sabemos qu\u00e9 d\u00eda se va a estrenar el primer cap\u00edtulo, ser\u00e1 el 10 de marzo y PlayStation ha decidido que ese estreno sea gratis. Ya veremos qu\u00e9 tal sale esta producci\u00f3n, cuya premisa es muy interesante.<\/p>\n","protected":false},"author":1,"featured_media":0,"comment_status":"open","ping_status":"open","sticky":false,"template":"","format":"standard","meta":{"jetpack_post_was_ever_published":false,"_jetpack_newsletter_access":"","_jetpack_dont_email_post_to_subs":false,"_jetpack_newsletter_tier_id":0,"_jetpack_memberships_contains_paywalled_content":false,"_jetpack_memberships_contains_paid_content":false,"footnotes":""},"categories":[10,62],"tags":[491,190],"class_list":["post-3783","post","type-post","status-publish","format-standard","hentry","category-ciencia-ficcion-2","category-comic","tag-adaptaciones","tag-noticias"],"jetpack_featured_media_url":"","jetpack_shortlink":"https:\/\/wp.me\/p5fEpk-Z1","jetpack_sharing_enabled":true,"_links":{"self":[{"href":"https:\/\/www.fantasticaficcion.com\/index.php\/wp-json\/wp\/v2\/posts\/3783","targetHints":{"allow":["GET"]}}],"collection":[{"href":"https:\/\/www.fantasticaficcion.com\/index.php\/wp-json\/wp\/v2\/posts"}],"about":[{"href":"https:\/\/www.fantasticaficcion.com\/index.php\/wp-json\/wp\/v2\/types\/post"}],"author":[{"embeddable":true,"href":"https:\/\/www.fantasticaficcion.com\/index.php\/wp-json\/wp\/v2\/users\/1"}],"replies":[{"embeddable":true,"href":"https:\/\/www.fantasticaficcion.com\/index.php\/wp-json\/wp\/v2\/comments?post=3783"}],"version-history":[{"count":2,"href":"https:\/\/www.fantasticaficcion.com\/index.php\/wp-json\/wp\/v2\/posts\/3783\/revisions"}],"predecessor-version":[{"id":3809,"href":"https:\/\/www.fantasticaficcion.com\/index.php\/wp-json\/wp\/v2\/posts\/3783\/revisions\/3809"}],"wp:attachment":[{"href":"https:\/\/www.fantasticaficcion.com\/index.php\/wp-json\/wp\/v2\/media?parent=3783"}],"wp:term":[{"taxonomy":"category","embeddable":true,"href":"https:\/\/www.fantasticaficcion.com\/index.php\/wp-json\/wp\/v2\/categories?post=3783"},{"taxonomy":"post_tag","embeddable":true,"href":"https:\/\/www.fantasticaficcion.com\/index.php\/wp-json\/wp\/v2\/tags?post=3783"}],"curies":[{"name":"wp","href":"https:\/\/api.w.org\/{rel}","templated":true}]}}