{"id":3523,"date":"2014-11-28T12:19:39","date_gmt":"2014-11-28T12:19:39","guid":{"rendered":"http:\/\/www.fantasticaficcion.com\/?p=3523"},"modified":"2014-11-28T12:19:39","modified_gmt":"2014-11-28T12:19:39","slug":"ya-a-la-venta-alucinadas","status":"publish","type":"post","link":"https:\/\/www.fantasticaficcion.com\/index.php\/ya-a-la-venta-alucinadas\/","title":{"rendered":"\u00a1Ya a la venta Alucinadas!"},"content":{"rendered":"<p style=\"text-align: justify;\">Hoy es el d\u00eda. Ya est\u00e1 a la venta la <a title=\"Relatos seleccionados para Alucinadas\" href=\"https:\/\/www.fantasticaficcion.com\/index.php\/relatos-seleccionados-para-alucinadas\/\" target=\"_blank\"><strong>antolog\u00eda Alucinadas<\/strong><\/a> en la que he tenido el honor de colaborar junto con <a title=\"M\u00e1s Ficci\u00f3n que Ciencia\" href=\"http:\/\/masficcionqueciencia.com\/2014\/11\/28\/alucinemos\/\" target=\"_blank\"><strong>Cristina Jurado<\/strong><\/a>.<\/p>\n<p style=\"text-align: justify;\">Durante las pr\u00f3ximas 48 horas el libro podr\u00e1 adquirirse a trav\u00e9s de pago social y, del 30 de noviembre al 6 de diciembre (fecha de inauguraci\u00f3n de la MIRCon) podr\u00e1 comprarse por 1\u20ac. A partir del 6 de diciembre, el precio quedar\u00e1 fijado en 1,99\u20ac.<\/p>\n<p style=\"text-align: justify;\">Espero que os guste este proyecto en el que hemos invertido mucho esfuerzo y dedicaci\u00f3n. \u00a1Esperamos vuestro comentarios!<\/p>\n","protected":false},"excerpt":{"rendered":"<p>Hoy es el d\u00eda. Ya est\u00e1 a la venta la antolog\u00eda Alucinadas en la que he tenido el honor de colaborar junto con Cristina Jurado. Durante las pr\u00f3ximas 48 horas el libro podr\u00e1 adquirirse a trav\u00e9s de pago social y, del 30 de noviembre al 6 de diciembre (fecha de inauguraci\u00f3n de la MIRCon) podr\u00e1 &hellip; <\/p>\n<p class=\"link-more\"><a href=\"https:\/\/www.fantasticaficcion.com\/index.php\/ya-a-la-venta-alucinadas\/\" class=\"more-link\">Continuar leyendo<span class=\"screen-reader-text\"> &#8220;\u00a1Ya a la venta Alucinadas!&#8221;<\/span><\/a><\/p>\n","protected":false},"author":1,"featured_media":0,"comment_status":"open","ping_status":"open","sticky":false,"template":"","format":"standard","meta":{"jetpack_post_was_ever_published":false,"_jetpack_newsletter_access":"","_jetpack_dont_email_post_to_subs":false,"_jetpack_newsletter_tier_id":0,"_jetpack_memberships_contains_paywalled_content":false,"_jetpack_memberships_contains_paid_content":false,"footnotes":""},"categories":[10,24],"tags":[4,14,190,665],"class_list":["post-3523","post","type-post","status-publish","format-standard","hentry","category-ciencia-ficcion-2","category-relatos-cortos","tag-ciencia-ficcion","tag-libros-en-espanol","tag-noticias","tag-relatos-cortos"],"jetpack_featured_media_url":"","jetpack_shortlink":"https:\/\/wp.me\/p5fEpk-UP","jetpack_sharing_enabled":true,"_links":{"self":[{"href":"https:\/\/www.fantasticaficcion.com\/index.php\/wp-json\/wp\/v2\/posts\/3523","targetHints":{"allow":["GET"]}}],"collection":[{"href":"https:\/\/www.fantasticaficcion.com\/index.php\/wp-json\/wp\/v2\/posts"}],"about":[{"href":"https:\/\/www.fantasticaficcion.com\/index.php\/wp-json\/wp\/v2\/types\/post"}],"author":[{"embeddable":true,"href":"https:\/\/www.fantasticaficcion.com\/index.php\/wp-json\/wp\/v2\/users\/1"}],"replies":[{"embeddable":true,"href":"https:\/\/www.fantasticaficcion.com\/index.php\/wp-json\/wp\/v2\/comments?post=3523"}],"version-history":[{"count":2,"href":"https:\/\/www.fantasticaficcion.com\/index.php\/wp-json\/wp\/v2\/posts\/3523\/revisions"}],"predecessor-version":[{"id":3530,"href":"https:\/\/www.fantasticaficcion.com\/index.php\/wp-json\/wp\/v2\/posts\/3523\/revisions\/3530"}],"wp:attachment":[{"href":"https:\/\/www.fantasticaficcion.com\/index.php\/wp-json\/wp\/v2\/media?parent=3523"}],"wp:term":[{"taxonomy":"category","embeddable":true,"href":"https:\/\/www.fantasticaficcion.com\/index.php\/wp-json\/wp\/v2\/categories?post=3523"},{"taxonomy":"post_tag","embeddable":true,"href":"https:\/\/www.fantasticaficcion.com\/index.php\/wp-json\/wp\/v2\/tags?post=3523"}],"curies":[{"name":"wp","href":"https:\/\/api.w.org\/{rel}","templated":true}]}}