{"id":3419,"date":"2014-11-05T06:34:55","date_gmt":"2014-11-05T06:34:55","guid":{"rendered":"http:\/\/www.fantasticaficcion.com\/?p=3419"},"modified":"2014-11-05T06:34:55","modified_gmt":"2014-11-05T06:34:55","slug":"desvelada-la-portada-de-alucinadas","status":"publish","type":"post","link":"https:\/\/www.fantasticaficcion.com\/index.php\/desvelada-la-portada-de-alucinadas\/","title":{"rendered":"Desvelada la portada de Alucinadas"},"content":{"rendered":"<p style=\"text-align: justify;\">Dentro de poco estar\u00e1 disponible en <a title=\"Lektu\" href=\"https:\/\/lektu.com\/\" target=\"_blank\"><strong>Lektu<\/strong><\/a> la antolog\u00eda <a title=\"Relatos seleccionados para Alucinadas\" href=\"https:\/\/www.fantasticaficcion.com\/index.php\/relatos-seleccionados-para-alucinadas\/\" target=\"_blank\"><strong>Alucinadas<\/strong><\/a>, pero hoy os quiero presentar la portada que acompa\u00f1ar\u00e1 a la edici\u00f3n electr\u00f3nica del libro.<\/p>\n<p style=\"text-align: justify;\">Es \u00e9sta:<\/p>\n<p style=\"text-align: justify;\"><a href=\"https:\/\/www.fantasticaficcion.com\/wp-content\/uploads\/2014\/11\/alucinadas.jpg\"><img loading=\"lazy\" decoding=\"async\" class=\"aligncenter size-full wp-image-3420\" src=\"https:\/\/www.fantasticaficcion.com\/wp-content\/uploads\/2014\/11\/alucinadas.jpg\" alt=\"alucinadas\" width=\"589\" height=\"833\" srcset=\"https:\/\/www.fantasticaficcion.com\/wp-content\/uploads\/2014\/11\/alucinadas.jpg 589w, https:\/\/www.fantasticaficcion.com\/wp-content\/uploads\/2014\/11\/alucinadas-212x300.jpg 212w\" sizes=\"auto, (max-width: 589px) 100vw, 589px\" \/><\/a>\u00bfQu\u00e9 os parece? A m\u00ed me encanta pero claro, no soy imparcial.<\/p>\n","protected":false},"excerpt":{"rendered":"<p>Dentro de poco estar\u00e1 disponible en Lektu la antolog\u00eda Alucinadas, pero hoy os quiero presentar la portada que acompa\u00f1ar\u00e1 a la edici\u00f3n electr\u00f3nica del libro. Es \u00e9sta: \u00bfQu\u00e9 os parece? A m\u00ed me encanta pero claro, no soy imparcial.<\/p>\n","protected":false},"author":1,"featured_media":0,"comment_status":"open","ping_status":"open","sticky":false,"template":"","format":"standard","meta":{"jetpack_post_was_ever_published":false,"_jetpack_newsletter_access":"","_jetpack_dont_email_post_to_subs":false,"_jetpack_newsletter_tier_id":0,"_jetpack_memberships_contains_paywalled_content":false,"_jetpack_memberships_contains_paid_content":false,"footnotes":""},"categories":[10,24],"tags":[14,190,665],"class_list":["post-3419","post","type-post","status-publish","format-standard","hentry","category-ciencia-ficcion-2","category-relatos-cortos","tag-libros-en-espanol","tag-noticias","tag-relatos-cortos"],"jetpack_featured_media_url":"","jetpack_shortlink":"https:\/\/wp.me\/p5fEpk-T9","jetpack_sharing_enabled":true,"_links":{"self":[{"href":"https:\/\/www.fantasticaficcion.com\/index.php\/wp-json\/wp\/v2\/posts\/3419","targetHints":{"allow":["GET"]}}],"collection":[{"href":"https:\/\/www.fantasticaficcion.com\/index.php\/wp-json\/wp\/v2\/posts"}],"about":[{"href":"https:\/\/www.fantasticaficcion.com\/index.php\/wp-json\/wp\/v2\/types\/post"}],"author":[{"embeddable":true,"href":"https:\/\/www.fantasticaficcion.com\/index.php\/wp-json\/wp\/v2\/users\/1"}],"replies":[{"embeddable":true,"href":"https:\/\/www.fantasticaficcion.com\/index.php\/wp-json\/wp\/v2\/comments?post=3419"}],"version-history":[{"count":1,"href":"https:\/\/www.fantasticaficcion.com\/index.php\/wp-json\/wp\/v2\/posts\/3419\/revisions"}],"predecessor-version":[{"id":3421,"href":"https:\/\/www.fantasticaficcion.com\/index.php\/wp-json\/wp\/v2\/posts\/3419\/revisions\/3421"}],"wp:attachment":[{"href":"https:\/\/www.fantasticaficcion.com\/index.php\/wp-json\/wp\/v2\/media?parent=3419"}],"wp:term":[{"taxonomy":"category","embeddable":true,"href":"https:\/\/www.fantasticaficcion.com\/index.php\/wp-json\/wp\/v2\/categories?post=3419"},{"taxonomy":"post_tag","embeddable":true,"href":"https:\/\/www.fantasticaficcion.com\/index.php\/wp-json\/wp\/v2\/tags?post=3419"}],"curies":[{"name":"wp","href":"https:\/\/api.w.org\/{rel}","templated":true}]}}