{"id":3388,"date":"2014-11-03T06:50:38","date_gmt":"2014-11-03T06:50:38","guid":{"rendered":"http:\/\/www.fantasticaficcion.com\/?p=3388"},"modified":"2014-11-03T06:50:38","modified_gmt":"2014-11-03T06:50:38","slug":"relatos-seleccionados-para-alucinadas","status":"publish","type":"post","link":"https:\/\/www.fantasticaficcion.com\/index.php\/relatos-seleccionados-para-alucinadas\/","title":{"rendered":"Relatos seleccionados para Alucinadas"},"content":{"rendered":"<p style=\"text-align: justify;\">Me es muy grato anunciar cu\u00e1les han sido los relatos escogidos para formar parte de <a title=\"Convocatoria Alucinadas\" href=\"https:\/\/www.fantasticaficcion.com\/index.php\/convocatoria-alucinadas\/\"><strong>Alucinadas<\/strong><\/a> y el relato ganador. Aqu\u00ed los ten\u00e9is, en orden alfab\u00e9tico:<\/p>\n<p style=\"text-align: justify;\"><span class=\"_5yl5\" data-reactid=\".1n.$mid=11414672086686=24499ee5290fc7d0b23.2:0.0.0.0.0\"><span data-reactid=\".1n.$mid=11414672086686=24499ee5290fc7d0b23.2:0.0.0.0.0.0\"><span data-reactid=\".1n.$mid=11414672086686=24499ee5290fc7d0b23.2:0.0.0.0.0.0.$end:0:$26:0\">1. Nieves Delgado &#8211; Casas Rojas<\/span><br data-reactid=\".1n.$mid=11414672086686=24499ee5290fc7d0b23.2:0.0.0.0.0.0.$end:0:$27:0\" \/><span data-reactid=\".1n.$mid=11414672086686=24499ee5290fc7d0b23.2:0.0.0.0.0.0.$end:0:$28:0\">2. Yolanda Espi\u00f1eira &#8211; El m\u00e9todo Schiwoll<\/span><br data-reactid=\".1n.$mid=11414672086686=24499ee5290fc7d0b23.2:0.0.0.0.0.0.$end:0:$29:0\" \/><span data-reactid=\".1n.$mid=11414672086686=24499ee5290fc7d0b23.2:0.0.0.0.0.0.$end:0:$30:0\">3. Felicidad Mart\u00ednez &#8211; La plaga<\/span><br data-reactid=\".1n.$mid=11414672086686=24499ee5290fc7d0b23.2:0.0.0.0.0.0.$end:0:$31:0\" \/><span data-reactid=\".1n.$mid=11414672086686=24499ee5290fc7d0b23.2:0.0.0.0.0.0.$end:0:$32:0\">4. Layla Mart\u00ednez &#8211; Bienvenidos a Croatoan<\/span><br data-reactid=\".1n.$mid=11414672086686=24499ee5290fc7d0b23.2:0.0.0.0.0.0.$end:0:$33:0\" \/><span data-reactid=\".1n.$mid=11414672086686=24499ee5290fc7d0b23.2:0.0.0.0.0.0.$end:0:$34:0\">5. Laura Ponce &#8211; La Tormenta<\/span><br data-reactid=\".1n.$mid=11414672086686=24499ee5290fc7d0b23.2:0.0.0.0.0.0.$end:0:$35:0\" \/><span data-reactid=\".1n.$mid=11414672086686=24499ee5290fc7d0b23.2:0.0.0.0.0.0.$end:0:$36:0\">6. Teresa P. Mira de Echeverr\u00eda &#8211; La Terps\u00edcore <\/span><br data-reactid=\".1n.$mid=11414672086686=24499ee5290fc7d0b23.2:0.0.0.0.0.0.$end:0:$37:0\" \/><span data-reactid=\".1n.$mid=11414672086686=24499ee5290fc7d0b23.2:0.0.0.0.0.0.$end:0:$38:0\">7. Sof\u00eda Rhei &#8211; Techt<\/span><br data-reactid=\".1n.$mid=11414672086686=24499ee5290fc7d0b23.2:0.0.0.0.0.0.$end:0:$39:0\" \/><span data-reactid=\".1n.$mid=11414672086686=24499ee5290fc7d0b23.2:0.0.0.0.0.0.$end:0:$40:0\">8. Lola Robles &#8211; Mares que cambian<\/span><br data-reactid=\".1n.$mid=11414672086686=24499ee5290fc7d0b23.2:0.0.0.0.0.0.$end:0:$41:0\" \/><span data-reactid=\".1n.$mid=11414672086686=24499ee5290fc7d0b23.2:0.0.0.0.0.0.$end:0:$42:0\">9. Carme Torras &#8211; Memoria de equipo<\/span><br data-reactid=\".1n.$mid=11414672086686=24499ee5290fc7d0b23.2:0.0.0.0.0.0.$end:0:$43:0\" \/><span data-reactid=\".1n.$mid=11414672086686=24499ee5290fc7d0b23.2:0.0.0.0.0.0.$end:0:$44:0\">10. Marian Womack &#8211; Black Isle<\/span><br data-reactid=\".1n.$mid=11414672086686=24499ee5290fc7d0b23.2:0.0.0.0.0.0.$end:0:$45:0\" \/><\/span><\/span><\/p>\n<p style=\"text-align: justify;\">El relato ganador, escogido tras muchas deliberaciones, ha sido :<\/p>\n<p style=\"text-align: justify;\"><span class=\"_5yl5\" data-reactid=\".1n.$mid=11414672086686=24499ee5290fc7d0b23.2:0.0.0.0.0\"><span data-reactid=\".1n.$mid=11414672086686=24499ee5290fc7d0b23.2:0.0.0.0.0.0\"><span data-reactid=\".1n.$mid=11414672086686=24499ee5290fc7d0b23.2:0.0.0.0.0.0.$end:0:$36:0\"><strong>Teresa P. Mira de Echeverr\u00eda &#8211; La Terps\u00edcore<\/strong> <\/span><\/span><\/span><\/p>\n<p style=\"text-align: justify;\">Tambi\u00e9n me complace anunciar que como extra contaremos con la presencia de toda una gran dama de la ciencia ficci\u00f3n como es <span class=\"_5yl5\" data-reactid=\".1n.$mid=11414672086686=24499ee5290fc7d0b23.2:0.0.0.0.0\"><span data-reactid=\".1n.$mid=11414672086686=24499ee5290fc7d0b23.2:0.0.0.0.0.0\"><span data-reactid=\".1n.$mid=11414672086686=24499ee5290fc7d0b23.2:0.0.0.0.0.0.$end:0:$48:0\"><strong>Ang\u00e9lica Gorodischer<\/strong>. Desde aqu\u00ed queremos agradecer su incre\u00edble disposici\u00f3n y accesibilidad.<\/span><\/span><\/span><\/p>\n<p style=\"text-align: justify;\">El pr\u00f3logo lo ha escrito una editora de tanto renombre internacional como es <strong>Ann Vandermeee<\/strong>r, que en todo momento se ha implicado en el proyecto, leyendo los relatos en espa\u00f1ol y ayudando a las editoras con su buen hacer.<\/p>\n<p style=\"text-align: justify;\">Como curiosidad, aqu\u00ed os dejo dos gr\u00e1ficos en los que se resumen los datos de participaci\u00f3n por pa\u00edses y categor\u00edas.<a href=\"https:\/\/www.fantasticaficcion.com\/wp-content\/uploads\/2014\/11\/paises.png\"><img loading=\"lazy\" decoding=\"async\" class=\"aligncenter wp-image-3391 size-full\" src=\"https:\/\/www.fantasticaficcion.com\/wp-content\/uploads\/2014\/11\/paises.png\" alt=\"paises\" width=\"529\" height=\"365\" srcset=\"https:\/\/www.fantasticaficcion.com\/wp-content\/uploads\/2014\/11\/paises.png 529w, https:\/\/www.fantasticaficcion.com\/wp-content\/uploads\/2014\/11\/paises-300x206.png 300w, https:\/\/www.fantasticaficcion.com\/wp-content\/uploads\/2014\/11\/paises-434x300.png 434w\" sizes=\"auto, (max-width: 529px) 100vw, 529px\" \/><\/a> <a href=\"https:\/\/www.fantasticaficcion.com\/wp-content\/uploads\/2014\/11\/tem\u00e1tica.png\"><img loading=\"lazy\" decoding=\"async\" class=\"aligncenter wp-image-3392 size-full\" src=\"https:\/\/www.fantasticaficcion.com\/wp-content\/uploads\/2014\/11\/tem\u00e1tica.png\" alt=\"tem\u00e1tica\" width=\"587\" height=\"487\" srcset=\"https:\/\/www.fantasticaficcion.com\/wp-content\/uploads\/2014\/11\/tem\u00e1tica.png 587w, https:\/\/www.fantasticaficcion.com\/wp-content\/uploads\/2014\/11\/tem\u00e1tica-300x248.png 300w, https:\/\/www.fantasticaficcion.com\/wp-content\/uploads\/2014\/11\/tem\u00e1tica-361x300.png 361w\" sizes=\"auto, (max-width: 587px) 100vw, 587px\" \/><\/a><\/p>\n","protected":false},"excerpt":{"rendered":"<p>Me es muy grato anunciar cu\u00e1les han sido los relatos escogidos para formar parte de Alucinadas y el relato ganador. Aqu\u00ed los ten\u00e9is, en orden alfab\u00e9tico: 1. Nieves Delgado &#8211; Casas Rojas2. Yolanda Espi\u00f1eira &#8211; El m\u00e9todo Schiwoll3. Felicidad Mart\u00ednez &#8211; La plaga4. Layla Mart\u00ednez &#8211; Bienvenidos a Croatoan5. Laura Ponce &#8211; La Tormenta6. Teresa &hellip; <\/p>\n<p class=\"link-more\"><a href=\"https:\/\/www.fantasticaficcion.com\/index.php\/relatos-seleccionados-para-alucinadas\/\" class=\"more-link\">Continuar leyendo<span class=\"screen-reader-text\"> &#8220;Relatos seleccionados para Alucinadas&#8221;<\/span><\/a><\/p>\n","protected":false},"author":1,"featured_media":0,"comment_status":"open","ping_status":"open","sticky":false,"template":"","format":"standard","meta":{"jetpack_post_was_ever_published":false,"_jetpack_newsletter_access":"","_jetpack_dont_email_post_to_subs":false,"_jetpack_newsletter_tier_id":0,"_jetpack_memberships_contains_paywalled_content":false,"_jetpack_memberships_contains_paid_content":false,"footnotes":""},"categories":[10,24],"tags":[14,190,665],"class_list":["post-3388","post","type-post","status-publish","format-standard","hentry","category-ciencia-ficcion-2","category-relatos-cortos","tag-libros-en-espanol","tag-noticias","tag-relatos-cortos"],"jetpack_featured_media_url":"","jetpack_shortlink":"https:\/\/wp.me\/p5fEpk-SE","jetpack_sharing_enabled":true,"_links":{"self":[{"href":"https:\/\/www.fantasticaficcion.com\/index.php\/wp-json\/wp\/v2\/posts\/3388","targetHints":{"allow":["GET"]}}],"collection":[{"href":"https:\/\/www.fantasticaficcion.com\/index.php\/wp-json\/wp\/v2\/posts"}],"about":[{"href":"https:\/\/www.fantasticaficcion.com\/index.php\/wp-json\/wp\/v2\/types\/post"}],"author":[{"embeddable":true,"href":"https:\/\/www.fantasticaficcion.com\/index.php\/wp-json\/wp\/v2\/users\/1"}],"replies":[{"embeddable":true,"href":"https:\/\/www.fantasticaficcion.com\/index.php\/wp-json\/wp\/v2\/comments?post=3388"}],"version-history":[{"count":4,"href":"https:\/\/www.fantasticaficcion.com\/index.php\/wp-json\/wp\/v2\/posts\/3388\/revisions"}],"predecessor-version":[{"id":3394,"href":"https:\/\/www.fantasticaficcion.com\/index.php\/wp-json\/wp\/v2\/posts\/3388\/revisions\/3394"}],"wp:attachment":[{"href":"https:\/\/www.fantasticaficcion.com\/index.php\/wp-json\/wp\/v2\/media?parent=3388"}],"wp:term":[{"taxonomy":"category","embeddable":true,"href":"https:\/\/www.fantasticaficcion.com\/index.php\/wp-json\/wp\/v2\/categories?post=3388"},{"taxonomy":"post_tag","embeddable":true,"href":"https:\/\/www.fantasticaficcion.com\/index.php\/wp-json\/wp\/v2\/tags?post=3388"}],"curies":[{"name":"wp","href":"https:\/\/api.w.org\/{rel}","templated":true}]}}