{"id":3276,"date":"2014-10-08T10:33:41","date_gmt":"2014-10-08T10:33:41","guid":{"rendered":"http:\/\/www.fantasticaficcion.com\/?p=3276"},"modified":"2014-10-08T10:33:41","modified_gmt":"2014-10-08T10:33:41","slug":"cambio-de-look","status":"publish","type":"post","link":"https:\/\/www.fantasticaficcion.com\/index.php\/cambio-de-look\/","title":{"rendered":"Cambio de look"},"content":{"rendered":"<p style=\"text-align: justify;\">Ya os habr\u00e9is dado cuenta, pero para los despistados, \u00a1he cambiado la imagen de cabecera del blog!<\/p>\n<p style=\"text-align: justify;\">Se trata de un dibujo hecho por <a title=\"Aguilar\" href=\"http:\/\/aguilarsutil.blogspot.com.es\/\" target=\"_blank\"><strong>Jos\u00e9 Santiago Aguilar Sutil<\/strong><\/a> bajo petici\u00f3n m\u00eda. Refleja la dualidad entre la ciencia ficci\u00f3n y la fantas\u00eda que muchos lectores de g\u00e9nero sentimos. (Aunque en mi caso, me tire m\u00e1s la ciencia ficci\u00f3n).<\/p>\n<p style=\"text-align: justify;\">Lo cierto es que las dos \u00faltimas im\u00e1genes que he tenido de cabecera me gustan mucho, cada una en su estilo as\u00ed que he pensado que en los comentarios me digais cu\u00e1l prefer\u00eds y si ten\u00e9is alguna sugerencia m\u00e1s sobre el estilo del blog, algo en lo que no trabajo mucho y a lo que quiz\u00e1 deber\u00eda dedicar m\u00e1s tiempo.<\/p>\n","protected":false},"excerpt":{"rendered":"<p>Ya os habr\u00e9is dado cuenta, pero para los despistados, \u00a1he cambiado la imagen de cabecera del blog! Se trata de un dibujo hecho por Jos\u00e9 Santiago Aguilar Sutil bajo petici\u00f3n m\u00eda. Refleja la dualidad entre la ciencia ficci\u00f3n y la fantas\u00eda que muchos lectores de g\u00e9nero sentimos. (Aunque en mi caso, me tire m\u00e1s la &hellip; <\/p>\n<p class=\"link-more\"><a href=\"https:\/\/www.fantasticaficcion.com\/index.php\/cambio-de-look\/\" class=\"more-link\">Continuar leyendo<span class=\"screen-reader-text\"> &#8220;Cambio de look&#8221;<\/span><\/a><\/p>\n","protected":false},"author":1,"featured_media":0,"comment_status":"open","ping_status":"open","sticky":false,"template":"","format":"standard","meta":{"jetpack_post_was_ever_published":false,"_jetpack_newsletter_access":"","_jetpack_dont_email_post_to_subs":false,"_jetpack_newsletter_tier_id":0,"_jetpack_memberships_contains_paywalled_content":false,"_jetpack_memberships_contains_paid_content":false,"footnotes":""},"categories":[16],"tags":[190,96],"class_list":["post-3276","post","type-post","status-publish","format-standard","hentry","category-no-solo-de-lectura","tag-noticias","tag-portadas"],"jetpack_featured_media_url":"","jetpack_shortlink":"https:\/\/wp.me\/p5fEpk-QQ","jetpack_sharing_enabled":true,"_links":{"self":[{"href":"https:\/\/www.fantasticaficcion.com\/index.php\/wp-json\/wp\/v2\/posts\/3276","targetHints":{"allow":["GET"]}}],"collection":[{"href":"https:\/\/www.fantasticaficcion.com\/index.php\/wp-json\/wp\/v2\/posts"}],"about":[{"href":"https:\/\/www.fantasticaficcion.com\/index.php\/wp-json\/wp\/v2\/types\/post"}],"author":[{"embeddable":true,"href":"https:\/\/www.fantasticaficcion.com\/index.php\/wp-json\/wp\/v2\/users\/1"}],"replies":[{"embeddable":true,"href":"https:\/\/www.fantasticaficcion.com\/index.php\/wp-json\/wp\/v2\/comments?post=3276"}],"version-history":[{"count":1,"href":"https:\/\/www.fantasticaficcion.com\/index.php\/wp-json\/wp\/v2\/posts\/3276\/revisions"}],"predecessor-version":[{"id":3277,"href":"https:\/\/www.fantasticaficcion.com\/index.php\/wp-json\/wp\/v2\/posts\/3276\/revisions\/3277"}],"wp:attachment":[{"href":"https:\/\/www.fantasticaficcion.com\/index.php\/wp-json\/wp\/v2\/media?parent=3276"}],"wp:term":[{"taxonomy":"category","embeddable":true,"href":"https:\/\/www.fantasticaficcion.com\/index.php\/wp-json\/wp\/v2\/categories?post=3276"},{"taxonomy":"post_tag","embeddable":true,"href":"https:\/\/www.fantasticaficcion.com\/index.php\/wp-json\/wp\/v2\/tags?post=3276"}],"curies":[{"name":"wp","href":"https:\/\/api.w.org\/{rel}","templated":true}]}}