{"id":3256,"date":"2014-10-02T05:38:10","date_gmt":"2014-10-02T05:38:10","guid":{"rendered":"http:\/\/www.fantasticaficcion.com\/?p=3256"},"modified":"2014-10-02T05:38:10","modified_gmt":"2014-10-02T05:38:10","slug":"la-onda-septimus","status":"publish","type":"post","link":"https:\/\/www.fantasticaficcion.com\/index.php\/la-onda-septimus\/","title":{"rendered":"La onda Septimus"},"content":{"rendered":"<p style=\"text-align: justify;\"><a href=\"https:\/\/www.fantasticaficcion.com\/wp-content\/uploads\/2014\/10\/septimus.jpg\"><img loading=\"lazy\" decoding=\"async\" class=\"alignright size-full wp-image-3259\" src=\"https:\/\/www.fantasticaficcion.com\/wp-content\/uploads\/2014\/10\/septimus.jpg\" alt=\"septimus\" width=\"190\" height=\"266\" \/><\/a>Los tebeos de <strong>Blake y Mortimer<\/strong> me han acompa\u00f1ado desde hace tanto tiempo que ya no recuerdo cuando le\u00ed por primera vez <a title=\"La marca amarilla\" href=\"http:\/\/es.wikipedia.org\/wiki\/La_Marca_amarilla\" target=\"_blank\"><strong><em>La marca amarilla<\/em><\/strong><\/a>. Acostumbro a hacerme con las nuevas entregas de estos personajes cuando son publicadas, pero en esta ocasi\u00f3n se me adelantaron y me la regalaron para mi cumplea\u00f1os (parece que me conocen).<\/p>\n<p style=\"text-align: justify;\">Sobre el tebeo en s\u00ed, el trabajo gr\u00e1fico de Antoine Aubin y \u00c9tienne Schr\u00e9der comienza de forma espectacular. Incre\u00edblemente fiel al trabajo original de Edgar P. Jacobs, las primeras p\u00e1ginas son un derroche de talento y da gusto regodearse en algunas im\u00e1genes muy detalladas, en los gestos expresivos de los personajes o los fondos trabajados. Sin embargo, conforme avanza la lectura del \u00e1lbum (bastante extenso, ya que llega a las 70 p\u00e1ginas) el dibujo empieza a fallar. No s\u00e9 si habr\u00e1 sido debido a los plazos impuestos por la editorial o a alguna otra raz\u00f3n, pero hay algunas p\u00e1ginas que no s\u00e9 si merecen pertenecer a esta serie ic\u00f3nica.<\/p>\n<p style=\"text-align: justify;\">Con todo, lo peor no es el aspecto gr\u00e1fico. El gui\u00f3n deja mucho, pero que mucho que desear. Un desvar\u00edo detr\u00e1s de otro, una nave espacial oculta en el m\u00e1s profundo subsuelo, una plaga que se expande sin causa clara&#8230; Es una aut\u00e9ntica l\u00e1stima que con este desprop\u00f3sito se quiera continuar uno de los mejores tebeos de Blake y Mortimer, cercenando la posibilidad de seguir una historia que merece mucho la pena.<\/p>\n<p style=\"text-align: justify;\">Me hubiera gustado poder hablar de alguna de las referencias metaliterarias que aparecen en <em>La onda Septimus <\/em>o de la relaci\u00f3n con otras entregas como <em>El secreto del espad\u00f3n<\/em>, pero por desgracia todo queda empa\u00f1ado por el p\u00e9simo gui\u00f3n.<\/p>\n","protected":false},"excerpt":{"rendered":"<p>Los tebeos de Blake y Mortimer me han acompa\u00f1ado desde hace tanto tiempo que ya no recuerdo cuando le\u00ed por primera vez La marca amarilla. Acostumbro a hacerme con las nuevas entregas de estos personajes cuando son publicadas, pero en esta ocasi\u00f3n se me adelantaron y me la regalaron para mi cumplea\u00f1os (parece que me &hellip; <\/p>\n<p class=\"link-more\"><a href=\"https:\/\/www.fantasticaficcion.com\/index.php\/la-onda-septimus\/\" class=\"more-link\">Continuar leyendo<span class=\"screen-reader-text\"> &#8220;La onda Septimus&#8221;<\/span><\/a><\/p>\n","protected":false},"author":1,"featured_media":0,"comment_status":"open","ping_status":"open","sticky":false,"template":"","format":"standard","meta":{"jetpack_post_was_ever_published":false,"_jetpack_newsletter_access":"","_jetpack_dont_email_post_to_subs":false,"_jetpack_newsletter_tier_id":0,"_jetpack_memberships_contains_paywalled_content":false,"_jetpack_memberships_contains_paid_content":false,"footnotes":""},"categories":[10,5],"tags":[497,668,498,499,14,8],"class_list":["post-3256","post","type-post","status-publish","format-standard","hentry","category-ciencia-ficcion-2","category-fantasia","tag-antoine-aubin","tag-comic","tag-etienne-schreder","tag-jean-dufaux","tag-libros-en-espanol","tag-resenas"],"jetpack_featured_media_url":"","jetpack_shortlink":"https:\/\/wp.me\/p5fEpk-Qw","jetpack_sharing_enabled":true,"_links":{"self":[{"href":"https:\/\/www.fantasticaficcion.com\/index.php\/wp-json\/wp\/v2\/posts\/3256","targetHints":{"allow":["GET"]}}],"collection":[{"href":"https:\/\/www.fantasticaficcion.com\/index.php\/wp-json\/wp\/v2\/posts"}],"about":[{"href":"https:\/\/www.fantasticaficcion.com\/index.php\/wp-json\/wp\/v2\/types\/post"}],"author":[{"embeddable":true,"href":"https:\/\/www.fantasticaficcion.com\/index.php\/wp-json\/wp\/v2\/users\/1"}],"replies":[{"embeddable":true,"href":"https:\/\/www.fantasticaficcion.com\/index.php\/wp-json\/wp\/v2\/comments?post=3256"}],"version-history":[{"count":3,"href":"https:\/\/www.fantasticaficcion.com\/index.php\/wp-json\/wp\/v2\/posts\/3256\/revisions"}],"predecessor-version":[{"id":3260,"href":"https:\/\/www.fantasticaficcion.com\/index.php\/wp-json\/wp\/v2\/posts\/3256\/revisions\/3260"}],"wp:attachment":[{"href":"https:\/\/www.fantasticaficcion.com\/index.php\/wp-json\/wp\/v2\/media?parent=3256"}],"wp:term":[{"taxonomy":"category","embeddable":true,"href":"https:\/\/www.fantasticaficcion.com\/index.php\/wp-json\/wp\/v2\/categories?post=3256"},{"taxonomy":"post_tag","embeddable":true,"href":"https:\/\/www.fantasticaficcion.com\/index.php\/wp-json\/wp\/v2\/tags?post=3256"}],"curies":[{"name":"wp","href":"https:\/\/api.w.org\/{rel}","templated":true}]}}