{"id":3159,"date":"2014-09-29T05:41:50","date_gmt":"2014-09-29T05:41:50","guid":{"rendered":"http:\/\/www.fantasticaficcion.com\/?p=3159"},"modified":"2014-09-29T05:41:50","modified_gmt":"2014-09-29T05:41:50","slug":"portada-de-half-a-war","status":"publish","type":"post","link":"https:\/\/www.fantasticaficcion.com\/index.php\/portada-de-half-a-war\/","title":{"rendered":"Portada de Half a war"},"content":{"rendered":"<p style=\"text-align: justify;\">Siguiendo con la misma est\u00e9tica de las portadas anteriores, aqu\u00ed ten\u00e9is la de la \u00faltima entrega de la trilog\u00eda YA de Joe Abercrombie, que responde al t\u00edtulo <strong><em>Half a war<\/em><\/strong>.<\/p>\n<p style=\"text-align: justify;\"><a href=\"https:\/\/www.fantasticaficcion.com\/wp-content\/uploads\/2014\/09\/halfawar.jpg\"><img loading=\"lazy\" decoding=\"async\" class=\"aligncenter size-full wp-image-3160\" src=\"https:\/\/www.fantasticaficcion.com\/wp-content\/uploads\/2014\/09\/halfawar.jpg\" alt=\"halfawar\" width=\"493\" height=\"750\" srcset=\"https:\/\/www.fantasticaficcion.com\/wp-content\/uploads\/2014\/09\/halfawar.jpg 493w, https:\/\/www.fantasticaficcion.com\/wp-content\/uploads\/2014\/09\/halfawar-197x300.jpg 197w\" sizes=\"auto, (max-width: 493px) 100vw, 493px\" \/><\/a>Sigo pensando que no se han calentado mucho la cabeza a la hora de hacer las portadas.<\/p>\n","protected":false},"excerpt":{"rendered":"<p>Siguiendo con la misma est\u00e9tica de las portadas anteriores, aqu\u00ed ten\u00e9is la de la \u00faltima entrega de la trilog\u00eda YA de Joe Abercrombie, que responde al t\u00edtulo Half a war. Sigo pensando que no se han calentado mucho la cabeza a la hora de hacer las portadas.<\/p>\n","protected":false},"author":1,"featured_media":0,"comment_status":"open","ping_status":"open","sticky":false,"template":"","format":"standard","meta":{"jetpack_post_was_ever_published":false,"_jetpack_newsletter_access":"","_jetpack_dont_email_post_to_subs":false,"_jetpack_newsletter_tier_id":0,"_jetpack_memberships_contains_paywalled_content":false,"_jetpack_memberships_contains_paid_content":false,"footnotes":""},"categories":[5],"tags":[664,61,190,96],"class_list":["post-3159","post","type-post","status-publish","format-standard","hentry","category-fantasia","tag-fantasia","tag-joe-abercrombie","tag-noticias","tag-portadas"],"jetpack_featured_media_url":"","jetpack_shortlink":"https:\/\/wp.me\/p5fEpk-OX","jetpack_sharing_enabled":true,"_links":{"self":[{"href":"https:\/\/www.fantasticaficcion.com\/index.php\/wp-json\/wp\/v2\/posts\/3159","targetHints":{"allow":["GET"]}}],"collection":[{"href":"https:\/\/www.fantasticaficcion.com\/index.php\/wp-json\/wp\/v2\/posts"}],"about":[{"href":"https:\/\/www.fantasticaficcion.com\/index.php\/wp-json\/wp\/v2\/types\/post"}],"author":[{"embeddable":true,"href":"https:\/\/www.fantasticaficcion.com\/index.php\/wp-json\/wp\/v2\/users\/1"}],"replies":[{"embeddable":true,"href":"https:\/\/www.fantasticaficcion.com\/index.php\/wp-json\/wp\/v2\/comments?post=3159"}],"version-history":[{"count":2,"href":"https:\/\/www.fantasticaficcion.com\/index.php\/wp-json\/wp\/v2\/posts\/3159\/revisions"}],"predecessor-version":[{"id":3162,"href":"https:\/\/www.fantasticaficcion.com\/index.php\/wp-json\/wp\/v2\/posts\/3159\/revisions\/3162"}],"wp:attachment":[{"href":"https:\/\/www.fantasticaficcion.com\/index.php\/wp-json\/wp\/v2\/media?parent=3159"}],"wp:term":[{"taxonomy":"category","embeddable":true,"href":"https:\/\/www.fantasticaficcion.com\/index.php\/wp-json\/wp\/v2\/categories?post=3159"},{"taxonomy":"post_tag","embeddable":true,"href":"https:\/\/www.fantasticaficcion.com\/index.php\/wp-json\/wp\/v2\/tags?post=3159"}],"curies":[{"name":"wp","href":"https:\/\/api.w.org\/{rel}","templated":true}]}}