{"id":3133,"date":"2014-09-16T05:33:15","date_gmt":"2014-09-16T05:33:15","guid":{"rendered":"http:\/\/www.fantasticaficcion.com\/?p=3133"},"modified":"2014-09-16T05:33:15","modified_gmt":"2014-09-16T05:33:15","slug":"portada-en-desarrollo-de-the-wolf-in-the-attic","status":"publish","type":"post","link":"https:\/\/www.fantasticaficcion.com\/index.php\/portada-en-desarrollo-de-the-wolf-in-the-attic\/","title":{"rendered":"Portada en desarrollo de The wolf in the attic"},"content":{"rendered":"<p style=\"text-align: justify;\">Gracias a <a title=\"The wertzone\" href=\"http:\/\/thewertzone.blogspot.com.es\/2014\/08\/new-paul-kearney-cover-art.html\" target=\"_blank\"><strong>The Wertzone<\/strong><\/a> podemos echar un vistazo al desarrollo de la portada del nuevo libro de Paul Kearney, <strong><em>The wolf in the attic<\/em><\/strong>.<\/p>\n<p style=\"text-align: justify;\"><a href=\"https:\/\/www.fantasticaficcion.com\/wp-content\/uploads\/2014\/09\/The-Wolf-in-the-Attic.jpg\"><img loading=\"lazy\" decoding=\"async\" class=\"aligncenter size-full wp-image-3134\" src=\"https:\/\/www.fantasticaficcion.com\/wp-content\/uploads\/2014\/09\/The-Wolf-in-the-Attic.jpg\" alt=\"The Wolf in the Attic\" width=\"486\" height=\"749\" srcset=\"https:\/\/www.fantasticaficcion.com\/wp-content\/uploads\/2014\/09\/The-Wolf-in-the-Attic.jpg 486w, https:\/\/www.fantasticaficcion.com\/wp-content\/uploads\/2014\/09\/The-Wolf-in-the-Attic-194x300.jpg 194w\" sizes=\"auto, (max-width: 486px) 100vw, 486px\" \/><\/a>Resulta interesante asistir al proceso de creaci\u00f3n de una portada. De momento podemos ver la idea central de la imagen e incluso la tipolog\u00eda seleccionada.<\/p>\n<p style=\"text-align: justify;\">Tambi\u00e9n tenemos una sinopsis, que aunque no es la definitiva, os pongo aqu\u00ed:<\/p>\n<blockquote>\n<p style=\"text-align: justify;\">The novel is set in very early 1930\u2032s Oxford, features Tolkien and Lewis as characters, and is told from the point of view of a lonely 11 year old girl. She\u2019s Greek, a refugee from the sack of Smyrna, and one day discovers a Romany boy in her attic. The boy is a shape-shifter, and becomes her friend. The two begin to explore the world around Oxford, discovering things they never imagined existed. The girl, Anna, is obsessed by the Odyssey, and likens the Romany boy, Luca, to Odysseus.<\/p>\n<\/blockquote>\n<p style=\"text-align: justify;\">\n","protected":false},"excerpt":{"rendered":"<p>Gracias a The Wertzone podemos echar un vistazo al desarrollo de la portada del nuevo libro de Paul Kearney, The wolf in the attic. Resulta interesante asistir al proceso de creaci\u00f3n de una portada. De momento podemos ver la idea central de la imagen e incluso la tipolog\u00eda seleccionada. Tambi\u00e9n tenemos una sinopsis, que aunque &hellip; <\/p>\n<p class=\"link-more\"><a href=\"https:\/\/www.fantasticaficcion.com\/index.php\/portada-en-desarrollo-de-the-wolf-in-the-attic\/\" class=\"more-link\">Continuar leyendo<span class=\"screen-reader-text\"> &#8220;Portada en desarrollo de The wolf in the attic&#8221;<\/span><\/a><\/p>\n","protected":false},"author":1,"featured_media":0,"comment_status":"open","ping_status":"open","sticky":false,"template":"","format":"standard","meta":{"jetpack_post_was_ever_published":false,"_jetpack_newsletter_access":"","_jetpack_dont_email_post_to_subs":false,"_jetpack_newsletter_tier_id":0,"_jetpack_memberships_contains_paywalled_content":false,"_jetpack_memberships_contains_paid_content":false,"footnotes":""},"categories":[5],"tags":[190,488,96],"class_list":["post-3133","post","type-post","status-publish","format-standard","hentry","category-fantasia","tag-noticias","tag-paul-kearney","tag-portadas"],"jetpack_featured_media_url":"","jetpack_shortlink":"https:\/\/wp.me\/p5fEpk-Ox","jetpack_sharing_enabled":true,"_links":{"self":[{"href":"https:\/\/www.fantasticaficcion.com\/index.php\/wp-json\/wp\/v2\/posts\/3133","targetHints":{"allow":["GET"]}}],"collection":[{"href":"https:\/\/www.fantasticaficcion.com\/index.php\/wp-json\/wp\/v2\/posts"}],"about":[{"href":"https:\/\/www.fantasticaficcion.com\/index.php\/wp-json\/wp\/v2\/types\/post"}],"author":[{"embeddable":true,"href":"https:\/\/www.fantasticaficcion.com\/index.php\/wp-json\/wp\/v2\/users\/1"}],"replies":[{"embeddable":true,"href":"https:\/\/www.fantasticaficcion.com\/index.php\/wp-json\/wp\/v2\/comments?post=3133"}],"version-history":[{"count":1,"href":"https:\/\/www.fantasticaficcion.com\/index.php\/wp-json\/wp\/v2\/posts\/3133\/revisions"}],"predecessor-version":[{"id":3135,"href":"https:\/\/www.fantasticaficcion.com\/index.php\/wp-json\/wp\/v2\/posts\/3133\/revisions\/3135"}],"wp:attachment":[{"href":"https:\/\/www.fantasticaficcion.com\/index.php\/wp-json\/wp\/v2\/media?parent=3133"}],"wp:term":[{"taxonomy":"category","embeddable":true,"href":"https:\/\/www.fantasticaficcion.com\/index.php\/wp-json\/wp\/v2\/categories?post=3133"},{"taxonomy":"post_tag","embeddable":true,"href":"https:\/\/www.fantasticaficcion.com\/index.php\/wp-json\/wp\/v2\/tags?post=3133"}],"curies":[{"name":"wp","href":"https:\/\/api.w.org\/{rel}","templated":true}]}}