{"id":2611,"date":"2014-05-21T05:36:59","date_gmt":"2014-05-21T05:36:59","guid":{"rendered":"http:\/\/www.fantasticaficcion.com\/?p=2611"},"modified":"2014-05-21T05:36:59","modified_gmt":"2014-05-21T05:36:59","slug":"blackbirds-se-adaptara-a-la-television","status":"publish","type":"post","link":"https:\/\/www.fantasticaficcion.com\/index.php\/blackbirds-se-adaptara-a-la-television\/","title":{"rendered":"Blackbirds se adaptar\u00e1 a la televisi\u00f3n"},"content":{"rendered":"<p style=\"text-align: justify;\"><a href=\"https:\/\/www.fantasticaficcion.com\/wp-content\/uploads\/2013\/07\/blackbirds.jpeg\"><img loading=\"lazy\" decoding=\"async\" class=\"alignright size-full wp-image-1175\" src=\"https:\/\/www.fantasticaficcion.com\/wp-content\/uploads\/2013\/07\/blackbirds.jpeg\" alt=\"blackbirds\" width=\"182\" height=\"276\" \/><\/a>El propio <strong>Chuk Wendig<\/strong> ha anunciado que su obra <a title=\"Blackbirds\" href=\"http:\/\/terribleminds.com\/ramble\/2014\/05\/06\/blackbirds-fly-out-of-your-tv-tell-you-how-youre-going-to-die\/\" target=\"_blank\"><strong><em>Blackbirds <\/em><\/strong><\/a>ser\u00e1 adaptada como serie televisiva por el <a title=\"Starz\" href=\"http:\/\/www.starz.com\/\" target=\"_blank\"><strong>canal Starz<\/strong><\/a>.<\/p>\n<p style=\"text-align: justify;\">Aunque todav\u00eda cabe la posibilidad de que no se ruede la serie, me parece un movimiento muy interesante, ya que <a title=\"Blackbirds\" href=\"https:\/\/www.fantasticaficcion.com\/index.php\/blackbirds\/\" target=\"_blank\"><em>Blackbirds<\/em><\/a> y en general, la serie de<strong> Miriam Black<\/strong>; tiene un componente visual muy importante, aunque no tengo claro c\u00f3mo se volcar\u00edan las visiones de Miriam en la televisi\u00f3n.<\/p>\n<p style=\"text-align: justify;\">Lo que s\u00ed est\u00e1 claro es que la violencia que aparece en la historia requer\u00eda una televisi\u00f3n por cable para hacerle justicia.<\/p>\n","protected":false},"excerpt":{"rendered":"<p>El propio Chuk Wendig ha anunciado que su obra Blackbirds ser\u00e1 adaptada como serie televisiva por el canal Starz. Aunque todav\u00eda cabe la posibilidad de que no se ruede la serie, me parece un movimiento muy interesante, ya que Blackbirds y en general, la serie de Miriam Black; tiene un componente visual muy importante, aunque &hellip; <\/p>\n<p class=\"link-more\"><a href=\"https:\/\/www.fantasticaficcion.com\/index.php\/blackbirds-se-adaptara-a-la-television\/\" class=\"more-link\">Continuar leyendo<span class=\"screen-reader-text\"> &#8220;Blackbirds se adaptar\u00e1 a la televisi\u00f3n&#8221;<\/span><\/a><\/p>\n","protected":false},"author":1,"featured_media":0,"comment_status":"open","ping_status":"open","sticky":false,"template":"","format":"standard","meta":{"jetpack_post_was_ever_published":false,"_jetpack_newsletter_access":"","_jetpack_dont_email_post_to_subs":false,"_jetpack_newsletter_tier_id":0,"_jetpack_memberships_contains_paywalled_content":false,"_jetpack_memberships_contains_paid_content":false,"footnotes":""},"categories":[5],"tags":[121,190],"class_list":["post-2611","post","type-post","status-publish","format-standard","hentry","category-fantasia","tag-chuck-wendig","tag-noticias"],"jetpack_featured_media_url":"","jetpack_shortlink":"https:\/\/wp.me\/p5fEpk-G7","jetpack_sharing_enabled":true,"_links":{"self":[{"href":"https:\/\/www.fantasticaficcion.com\/index.php\/wp-json\/wp\/v2\/posts\/2611","targetHints":{"allow":["GET"]}}],"collection":[{"href":"https:\/\/www.fantasticaficcion.com\/index.php\/wp-json\/wp\/v2\/posts"}],"about":[{"href":"https:\/\/www.fantasticaficcion.com\/index.php\/wp-json\/wp\/v2\/types\/post"}],"author":[{"embeddable":true,"href":"https:\/\/www.fantasticaficcion.com\/index.php\/wp-json\/wp\/v2\/users\/1"}],"replies":[{"embeddable":true,"href":"https:\/\/www.fantasticaficcion.com\/index.php\/wp-json\/wp\/v2\/comments?post=2611"}],"version-history":[{"count":3,"href":"https:\/\/www.fantasticaficcion.com\/index.php\/wp-json\/wp\/v2\/posts\/2611\/revisions"}],"predecessor-version":[{"id":2614,"href":"https:\/\/www.fantasticaficcion.com\/index.php\/wp-json\/wp\/v2\/posts\/2611\/revisions\/2614"}],"wp:attachment":[{"href":"https:\/\/www.fantasticaficcion.com\/index.php\/wp-json\/wp\/v2\/media?parent=2611"}],"wp:term":[{"taxonomy":"category","embeddable":true,"href":"https:\/\/www.fantasticaficcion.com\/index.php\/wp-json\/wp\/v2\/categories?post=2611"},{"taxonomy":"post_tag","embeddable":true,"href":"https:\/\/www.fantasticaficcion.com\/index.php\/wp-json\/wp\/v2\/tags?post=2611"}],"curies":[{"name":"wp","href":"https:\/\/api.w.org\/{rel}","templated":true}]}}