{"id":2336,"date":"2014-04-03T05:33:54","date_gmt":"2014-04-03T05:33:54","guid":{"rendered":"http:\/\/www.fantasticaficcion.com\/?p=2336"},"modified":"2014-04-03T05:33:54","modified_gmt":"2014-04-03T05:33:54","slug":"la-serie-de-television-de-powers-sera-contenido-exclusivo-de-playstation","status":"publish","type":"post","link":"https:\/\/www.fantasticaficcion.com\/index.php\/la-serie-de-television-de-powers-sera-contenido-exclusivo-de-playstation\/","title":{"rendered":"La serie de televisi\u00f3n de Powers ser\u00e1 contenido exclusivo de PlayStation"},"content":{"rendered":"<p style=\"text-align: justify;\"><a href=\"https:\/\/www.fantasticaficcion.com\/wp-content\/uploads\/2014\/03\/powers2.jpg\"><img loading=\"lazy\" decoding=\"async\" class=\"aligncenter size-full wp-image-2338\" alt=\"Powers\" src=\"https:\/\/www.fantasticaficcion.com\/wp-content\/uploads\/2014\/03\/powers2.jpg\" width=\"450\" height=\"350\" srcset=\"https:\/\/www.fantasticaficcion.com\/wp-content\/uploads\/2014\/03\/powers2.jpg 450w, https:\/\/www.fantasticaficcion.com\/wp-content\/uploads\/2014\/03\/powers2-300x233.jpg 300w, https:\/\/www.fantasticaficcion.com\/wp-content\/uploads\/2014\/03\/powers2-385x300.jpg 385w\" sizes=\"auto, (max-width: 450px) 100vw, 450px\" \/><\/a>Se hab\u00eda hablado mucho sobre la adaptaci\u00f3n de los tebeos <strong>&#8220;Powers&#8221;<\/strong> a la televisi\u00f3n, pero todo hab\u00eda quedado en suspenso. La noticia ahora es que la serie <a title=\"Powers TV\" href=\"http:\/\/io9.com\/the-powers-tv-series-is-moving-to-playstation-1547915906\" target=\"_blank\">ser\u00e1 la primera programaci\u00f3n original de PlayStation<\/a> para sus servicios de video bajo demanda.<\/p>\n<p style=\"text-align: justify;\">Se dice que la serie constar\u00e1 de 10 cap\u00edtulos de aproximadamente una hora cada uno. La gran duda que me surge es: \u00bfser\u00e1n capaces de adaptar <strong>el cap\u00edtulo del mono<\/strong>? Quien lo haya le\u00eddo me entender\u00e1.<\/p>\n","protected":false},"excerpt":{"rendered":"<p>Se hab\u00eda hablado mucho sobre la adaptaci\u00f3n de los tebeos &#8220;Powers&#8221; a la televisi\u00f3n, pero todo hab\u00eda quedado en suspenso. La noticia ahora es que la serie ser\u00e1 la primera programaci\u00f3n original de PlayStation para sus servicios de video bajo demanda. Se dice que la serie constar\u00e1 de 10 cap\u00edtulos de aproximadamente una hora cada &hellip; <\/p>\n<p class=\"link-more\"><a href=\"https:\/\/www.fantasticaficcion.com\/index.php\/la-serie-de-television-de-powers-sera-contenido-exclusivo-de-playstation\/\" class=\"more-link\">Continuar leyendo<span class=\"screen-reader-text\"> &#8220;La serie de televisi\u00f3n de Powers ser\u00e1 contenido exclusivo de PlayStation&#8221;<\/span><\/a><\/p>\n","protected":false},"author":1,"featured_media":0,"comment_status":"open","ping_status":"open","sticky":false,"template":"","format":"standard","meta":{"jetpack_post_was_ever_published":false,"_jetpack_newsletter_access":"","_jetpack_dont_email_post_to_subs":false,"_jetpack_newsletter_tier_id":0,"_jetpack_memberships_contains_paywalled_content":false,"_jetpack_memberships_contains_paid_content":false,"footnotes":""},"categories":[62,5],"tags":[343,668,190],"class_list":["post-2336","post","type-post","status-publish","format-standard","hentry","category-comic","category-fantasia","tag-brian-michael-bendis","tag-comic","tag-noticias"],"jetpack_featured_media_url":"","jetpack_shortlink":"https:\/\/wp.me\/p5fEpk-BG","jetpack_sharing_enabled":true,"_links":{"self":[{"href":"https:\/\/www.fantasticaficcion.com\/index.php\/wp-json\/wp\/v2\/posts\/2336","targetHints":{"allow":["GET"]}}],"collection":[{"href":"https:\/\/www.fantasticaficcion.com\/index.php\/wp-json\/wp\/v2\/posts"}],"about":[{"href":"https:\/\/www.fantasticaficcion.com\/index.php\/wp-json\/wp\/v2\/types\/post"}],"author":[{"embeddable":true,"href":"https:\/\/www.fantasticaficcion.com\/index.php\/wp-json\/wp\/v2\/users\/1"}],"replies":[{"embeddable":true,"href":"https:\/\/www.fantasticaficcion.com\/index.php\/wp-json\/wp\/v2\/comments?post=2336"}],"version-history":[{"count":3,"href":"https:\/\/www.fantasticaficcion.com\/index.php\/wp-json\/wp\/v2\/posts\/2336\/revisions"}],"predecessor-version":[{"id":2412,"href":"https:\/\/www.fantasticaficcion.com\/index.php\/wp-json\/wp\/v2\/posts\/2336\/revisions\/2412"}],"wp:attachment":[{"href":"https:\/\/www.fantasticaficcion.com\/index.php\/wp-json\/wp\/v2\/media?parent=2336"}],"wp:term":[{"taxonomy":"category","embeddable":true,"href":"https:\/\/www.fantasticaficcion.com\/index.php\/wp-json\/wp\/v2\/categories?post=2336"},{"taxonomy":"post_tag","embeddable":true,"href":"https:\/\/www.fantasticaficcion.com\/index.php\/wp-json\/wp\/v2\/tags?post=2336"}],"curies":[{"name":"wp","href":"https:\/\/api.w.org\/{rel}","templated":true}]}}