{"id":2206,"date":"2014-03-05T06:45:26","date_gmt":"2014-03-05T06:45:26","guid":{"rendered":"http:\/\/www.fantasticaficcion.com\/?p=2206"},"modified":"2014-03-05T06:45:26","modified_gmt":"2014-03-05T06:45:26","slug":"desvelada-la-portada-de-la-antologia-sword-and-laser","status":"publish","type":"post","link":"https:\/\/www.fantasticaficcion.com\/index.php\/desvelada-la-portada-de-la-antologia-sword-and-laser\/","title":{"rendered":"Desvelada la portada de la antolog\u00eda Sword and Laser"},"content":{"rendered":"<p style=\"text-align: justify;\">Gracias a <a title=\"No solo de lectura se vive: Podcast Sword and Laser\" href=\"https:\/\/www.fantasticaficcion.com\/index.php\/no-solo-de-lectura-se-vive-podcast-sword-and-laser\/\" target=\"_blank\"><strong>Sword and Laser<\/strong><\/a><strong> <\/strong>me atrev\u00ed a escuchar <em>podcasts<\/em> en ingl\u00e9s sobre ciencia ficci\u00f3n y fantas\u00eda, aunque no sab\u00eda si me iba a enterar o no. Pronto, el proyecto creci\u00f3, tuvieron incluso <a title=\"Video Sword and Laser\" href=\"http:\/\/swordandlaser.com\/?category=video\" target=\"_blank\">su propio programa en youtube<\/a> y <a title=\"Veronica Belmont\" href=\"http:\/\/www.veronicabelmont.com\/\" target=\"_blank\"><strong>Ver\u00f3nica Belmon<\/strong><\/a>t y <a title=\"Tom Merrit\" href=\"http:\/\/www.tommerritt.com\/\" target=\"_blank\"><strong>Tom Merrit<\/strong><\/a> decidieron editar una antolog\u00eda. Aqu\u00ed ten\u00e9is la portada del libro:<\/p>\n<p style=\"text-align: justify;\"><a href=\"https:\/\/www.fantasticaficcion.com\/wp-content\/uploads\/2014\/02\/SL-ANTHOLOGY-coverart-1.jpg\"><img loading=\"lazy\" decoding=\"async\" class=\"aligncenter size-full wp-image-2207\" alt=\"S&amp;;L ANTHOLOGY coverart (1)\" src=\"https:\/\/www.fantasticaficcion.com\/wp-content\/uploads\/2014\/02\/SL-ANTHOLOGY-coverart-1.jpg\" width=\"1000\" height=\"1500\" srcset=\"https:\/\/www.fantasticaficcion.com\/wp-content\/uploads\/2014\/02\/SL-ANTHOLOGY-coverart-1.jpg 1000w, https:\/\/www.fantasticaficcion.com\/wp-content\/uploads\/2014\/02\/SL-ANTHOLOGY-coverart-1-200x300.jpg 200w, https:\/\/www.fantasticaficcion.com\/wp-content\/uploads\/2014\/02\/SL-ANTHOLOGY-coverart-1-682x1024.jpg 682w\" sizes=\"auto, (max-width: 767px) 89vw, (max-width: 1000px) 54vw, (max-width: 1071px) 543px, 580px\" \/><\/a>No os voy a enga\u00f1ar, a m\u00ed la portada ME MOLA.<\/p>\n","protected":false},"excerpt":{"rendered":"<p>Gracias a Sword and Laser me atrev\u00ed a escuchar podcasts en ingl\u00e9s sobre ciencia ficci\u00f3n y fantas\u00eda, aunque no sab\u00eda si me iba a enterar o no. Pronto, el proyecto creci\u00f3, tuvieron incluso su propio programa en youtube y Ver\u00f3nica Belmont y Tom Merrit decidieron editar una antolog\u00eda. Aqu\u00ed ten\u00e9is la portada del libro: No &hellip; <\/p>\n<p class=\"link-more\"><a href=\"https:\/\/www.fantasticaficcion.com\/index.php\/desvelada-la-portada-de-la-antologia-sword-and-laser\/\" class=\"more-link\">Continuar leyendo<span class=\"screen-reader-text\"> &#8220;Desvelada la portada de la antolog\u00eda Sword and Laser&#8221;<\/span><\/a><\/p>\n","protected":false},"author":1,"featured_media":0,"comment_status":"open","ping_status":"open","sticky":false,"template":"","format":"standard","meta":{"jetpack_post_was_ever_published":false,"_jetpack_newsletter_access":"","_jetpack_dont_email_post_to_subs":false,"_jetpack_newsletter_tier_id":0,"_jetpack_memberships_contains_paywalled_content":false,"_jetpack_memberships_contains_paid_content":false,"footnotes":""},"categories":[10,5,24],"tags":[9,96,302,303],"class_list":["post-2206","post","type-post","status-publish","format-standard","hentry","category-ciencia-ficcion-2","category-fantasia","category-relatos-cortos","tag-libros-en-ingles","tag-portadas","tag-tom-merrit","tag-veronica-belmont"],"jetpack_featured_media_url":"","jetpack_shortlink":"https:\/\/wp.me\/p5fEpk-zA","jetpack_sharing_enabled":true,"_links":{"self":[{"href":"https:\/\/www.fantasticaficcion.com\/index.php\/wp-json\/wp\/v2\/posts\/2206","targetHints":{"allow":["GET"]}}],"collection":[{"href":"https:\/\/www.fantasticaficcion.com\/index.php\/wp-json\/wp\/v2\/posts"}],"about":[{"href":"https:\/\/www.fantasticaficcion.com\/index.php\/wp-json\/wp\/v2\/types\/post"}],"author":[{"embeddable":true,"href":"https:\/\/www.fantasticaficcion.com\/index.php\/wp-json\/wp\/v2\/users\/1"}],"replies":[{"embeddable":true,"href":"https:\/\/www.fantasticaficcion.com\/index.php\/wp-json\/wp\/v2\/comments?post=2206"}],"version-history":[{"count":1,"href":"https:\/\/www.fantasticaficcion.com\/index.php\/wp-json\/wp\/v2\/posts\/2206\/revisions"}],"predecessor-version":[{"id":2208,"href":"https:\/\/www.fantasticaficcion.com\/index.php\/wp-json\/wp\/v2\/posts\/2206\/revisions\/2208"}],"wp:attachment":[{"href":"https:\/\/www.fantasticaficcion.com\/index.php\/wp-json\/wp\/v2\/media?parent=2206"}],"wp:term":[{"taxonomy":"category","embeddable":true,"href":"https:\/\/www.fantasticaficcion.com\/index.php\/wp-json\/wp\/v2\/categories?post=2206"},{"taxonomy":"post_tag","embeddable":true,"href":"https:\/\/www.fantasticaficcion.com\/index.php\/wp-json\/wp\/v2\/tags?post=2206"}],"curies":[{"name":"wp","href":"https:\/\/api.w.org\/{rel}","templated":true}]}}