{"id":1949,"date":"2013-12-20T06:53:24","date_gmt":"2013-12-20T06:53:24","guid":{"rendered":"http:\/\/www.fantasticaficcion.com\/?p=1949"},"modified":"2013-12-20T06:53:24","modified_gmt":"2013-12-20T06:53:24","slug":"recordando-a-iain-banks-sense-of-wonder-ii","status":"publish","type":"post","link":"https:\/\/www.fantasticaficcion.com\/index.php\/recordando-a-iain-banks-sense-of-wonder-ii\/","title":{"rendered":"Recordando a Iain Banks : Sense of wonder (II)"},"content":{"rendered":"<p style=\"text-align: justify;\"><a href=\"https:\/\/www.fantasticaficcion.com\/wp-content\/uploads\/2013\/11\/Banks.jpg\"><img loading=\"lazy\" decoding=\"async\" class=\"aligncenter size-full wp-image-1811\" alt=\"Banks\" src=\"https:\/\/www.fantasticaficcion.com\/wp-content\/uploads\/2013\/11\/Banks.jpg\" width=\"960\" height=\"540\" srcset=\"https:\/\/www.fantasticaficcion.com\/wp-content\/uploads\/2013\/11\/Banks.jpg 960w, https:\/\/www.fantasticaficcion.com\/wp-content\/uploads\/2013\/11\/Banks-300x168.jpg 300w, https:\/\/www.fantasticaficcion.com\/wp-content\/uploads\/2013\/11\/Banks-500x281.jpg 500w\" sizes=\"auto, (max-width: 767px) 89vw, (max-width: 1000px) 54vw, (max-width: 1071px) 543px, 580px\" \/><\/a>Hoy os traemos la \u00faltima rese\u00f1a, que no el \u00faltimo art\u00edculo, de nuestro homenaje al escritor Iain Banks. Desde <strong>Sense of Wonder<\/strong>, @odo nos trae este<a title=\"Recordando a Iain Banks : Sense of Wonder\" href=\"http:\/\/sentidodelamaravilla.blogspot.com.es\/2013\/12\/surface-detail-de-iain-m-banks.html\" target=\"_blank\"><strong> &#8220;Surface Detail&#8221;<\/strong><\/a>, una de sus dos novelas favoritas de este autor. No me dig\u00e1is que no os anima a leerla. \u00bfA qu\u00e9 est\u00e1is esperando?<\/p>\n","protected":false},"excerpt":{"rendered":"<p>Hoy os traemos la \u00faltima rese\u00f1a, que no el \u00faltimo art\u00edculo, de nuestro homenaje al escritor Iain Banks. Desde Sense of Wonder, @odo nos trae este &#8220;Surface Detail&#8221;, una de sus dos novelas favoritas de este autor. No me dig\u00e1is que no os anima a leerla. \u00bfA qu\u00e9 est\u00e1is esperando?<\/p>\n","protected":false},"author":1,"featured_media":0,"comment_status":"open","ping_status":"open","sticky":false,"template":"","format":"standard","meta":{"jetpack_post_was_ever_published":false,"_jetpack_newsletter_access":"","_jetpack_dont_email_post_to_subs":false,"_jetpack_newsletter_tier_id":0,"_jetpack_memberships_contains_paywalled_content":false,"_jetpack_memberships_contains_paid_content":false,"footnotes":""},"categories":[10],"tags":[200,4,41],"class_list":["post-1949","post","type-post","status-publish","format-standard","hentry","category-ciencia-ficcion-2","tag-calendario-de-adviento","tag-ciencia-ficcion","tag-iain-m-banks"],"jetpack_featured_media_url":"","jetpack_shortlink":"https:\/\/wp.me\/p5fEpk-vr","jetpack_sharing_enabled":true,"_links":{"self":[{"href":"https:\/\/www.fantasticaficcion.com\/index.php\/wp-json\/wp\/v2\/posts\/1949","targetHints":{"allow":["GET"]}}],"collection":[{"href":"https:\/\/www.fantasticaficcion.com\/index.php\/wp-json\/wp\/v2\/posts"}],"about":[{"href":"https:\/\/www.fantasticaficcion.com\/index.php\/wp-json\/wp\/v2\/types\/post"}],"author":[{"embeddable":true,"href":"https:\/\/www.fantasticaficcion.com\/index.php\/wp-json\/wp\/v2\/users\/1"}],"replies":[{"embeddable":true,"href":"https:\/\/www.fantasticaficcion.com\/index.php\/wp-json\/wp\/v2\/comments?post=1949"}],"version-history":[{"count":2,"href":"https:\/\/www.fantasticaficcion.com\/index.php\/wp-json\/wp\/v2\/posts\/1949\/revisions"}],"predecessor-version":[{"id":1951,"href":"https:\/\/www.fantasticaficcion.com\/index.php\/wp-json\/wp\/v2\/posts\/1949\/revisions\/1951"}],"wp:attachment":[{"href":"https:\/\/www.fantasticaficcion.com\/index.php\/wp-json\/wp\/v2\/media?parent=1949"}],"wp:term":[{"taxonomy":"category","embeddable":true,"href":"https:\/\/www.fantasticaficcion.com\/index.php\/wp-json\/wp\/v2\/categories?post=1949"},{"taxonomy":"post_tag","embeddable":true,"href":"https:\/\/www.fantasticaficcion.com\/index.php\/wp-json\/wp\/v2\/tags?post=1949"}],"curies":[{"name":"wp","href":"https:\/\/api.w.org\/{rel}","templated":true}]}}