{"id":1819,"date":"2013-11-29T06:54:23","date_gmt":"2013-11-29T06:54:23","guid":{"rendered":"http:\/\/www.fantasticaficcion.com\/?p=1819"},"modified":"2013-11-29T06:54:23","modified_gmt":"2013-11-29T06:54:23","slug":"fundacion-sera-una-serie-de-television","status":"publish","type":"post","link":"https:\/\/www.fantasticaficcion.com\/index.php\/fundacion-sera-una-serie-de-television\/","title":{"rendered":"Fundaci\u00f3n ser\u00e1 una serie de televisi\u00f3n"},"content":{"rendered":"<p style=\"text-align: justify;\">El proyecto de <a title=\"Roland Emmerich\" href=\"es.wikipedia.org\/wiki\/Roland_Emmerich\" target=\"_blank\"><strong>Roland Emmerich<\/strong> <\/a>para llevar a la gran pantalla la serie <strong>&#8220;Fundaci\u00f3n&#8221;<\/strong> de <a title=\"Isaac Asimov\" href=\"http:\/\/www.asimovonline.com\/asimov_home_page.html\" target=\"_blank\"><strong>Asimov<\/strong><\/a> ha dado un giro inesperado, ya que ahora se va a rodar <a title=\"Mini serie\" href=\"http:\/\/www.empireonline.com\/news\/story.asp?NID=38776\" target=\"_blank\">una mini serie para la televisi\u00f3n.<\/a><\/p>\n<p style=\"text-align: justify;\">No es una noticia muy tranquilizadora sobre todo teniendo en cuenta los comentarios del director:<\/p>\n<blockquote>\n<p style=\"text-align: justify;\">&#8220;We&#8217;re trying to do it as a big mini-series, but even there you would have to change the story itself and set it in a time when the galaxy has fallen apart &#8211; and then you&#8217;re pretty much making a TV\u00a0show with all these characters and playing all the scenes out. You can [do that] and we&#8217;ll see what happens. We tried so hard [to make it into a movie], honestly, because it&#8217;s one of my most favourite books. I just love it.&#8221;<\/p>\n<\/blockquote>\n<p style=\"text-align: justify;\">No entiendo c\u00f3mo puede decir que es uno de sus libros favoritos y luego cambiar toda la historia&#8230; \u00bfQu\u00e9 pensais vosotros?<\/p>\n","protected":false},"excerpt":{"rendered":"<p>El proyecto de Roland Emmerich para llevar a la gran pantalla la serie &#8220;Fundaci\u00f3n&#8221; de Asimov ha dado un giro inesperado, ya que ahora se va a rodar una mini serie para la televisi\u00f3n. No es una noticia muy tranquilizadora sobre todo teniendo en cuenta los comentarios del director: &#8220;We&#8217;re trying to do it as &hellip; <\/p>\n<p class=\"link-more\"><a href=\"https:\/\/www.fantasticaficcion.com\/index.php\/fundacion-sera-una-serie-de-television\/\" class=\"more-link\">Continuar leyendo<span class=\"screen-reader-text\"> &#8220;Fundaci\u00f3n ser\u00e1 una serie de televisi\u00f3n&#8221;<\/span><\/a><\/p>\n","protected":false},"author":1,"featured_media":0,"comment_status":"open","ping_status":"open","sticky":false,"template":"","format":"standard","meta":{"jetpack_post_was_ever_published":false,"_jetpack_newsletter_access":"","_jetpack_dont_email_post_to_subs":false,"_jetpack_newsletter_tier_id":0,"_jetpack_memberships_contains_paywalled_content":false,"_jetpack_memberships_contains_paid_content":false,"footnotes":""},"categories":[10],"tags":[4,35,207],"class_list":["post-1819","post","type-post","status-publish","format-standard","hentry","category-ciencia-ficcion-2","tag-ciencia-ficcion","tag-isaac-asimov","tag-ronald-emmerich"],"jetpack_featured_media_url":"","jetpack_shortlink":"https:\/\/wp.me\/p5fEpk-tl","jetpack_sharing_enabled":true,"_links":{"self":[{"href":"https:\/\/www.fantasticaficcion.com\/index.php\/wp-json\/wp\/v2\/posts\/1819","targetHints":{"allow":["GET"]}}],"collection":[{"href":"https:\/\/www.fantasticaficcion.com\/index.php\/wp-json\/wp\/v2\/posts"}],"about":[{"href":"https:\/\/www.fantasticaficcion.com\/index.php\/wp-json\/wp\/v2\/types\/post"}],"author":[{"embeddable":true,"href":"https:\/\/www.fantasticaficcion.com\/index.php\/wp-json\/wp\/v2\/users\/1"}],"replies":[{"embeddable":true,"href":"https:\/\/www.fantasticaficcion.com\/index.php\/wp-json\/wp\/v2\/comments?post=1819"}],"version-history":[{"count":1,"href":"https:\/\/www.fantasticaficcion.com\/index.php\/wp-json\/wp\/v2\/posts\/1819\/revisions"}],"predecessor-version":[{"id":1820,"href":"https:\/\/www.fantasticaficcion.com\/index.php\/wp-json\/wp\/v2\/posts\/1819\/revisions\/1820"}],"wp:attachment":[{"href":"https:\/\/www.fantasticaficcion.com\/index.php\/wp-json\/wp\/v2\/media?parent=1819"}],"wp:term":[{"taxonomy":"category","embeddable":true,"href":"https:\/\/www.fantasticaficcion.com\/index.php\/wp-json\/wp\/v2\/categories?post=1819"},{"taxonomy":"post_tag","embeddable":true,"href":"https:\/\/www.fantasticaficcion.com\/index.php\/wp-json\/wp\/v2\/tags?post=1819"}],"curies":[{"name":"wp","href":"https:\/\/api.w.org\/{rel}","templated":true}]}}