{"id":16789,"date":"2026-03-10T05:30:00","date_gmt":"2026-03-10T05:30:00","guid":{"rendered":"https:\/\/www.fantasticaficcion.com\/?p=16789"},"modified":"2026-02-19T07:10:50","modified_gmt":"2026-02-19T07:10:50","slug":"the-emergency","status":"publish","type":"post","link":"https:\/\/www.fantasticaficcion.com\/index.php\/the-emergency\/","title":{"rendered":"The Emergency"},"content":{"rendered":"\n<p>Creo que es interesante leer libros que se pueden enmarcar en la ciencia ficci\u00f3n aunque no vengan de figuras reconocibles dentro del g\u00e9nero. Es por esto que decid\u00ed leer <strong><em>The Emergency<\/em><\/strong> de George Packer, veterano escritor tanto de ficci\u00f3n como de no ficci\u00f3n.<\/p>\n\n\n<div class=\"wp-block-image\">\n<figure class=\"alignright size-full\"><a href=\"https:\/\/www.fantasticaficcion.com\/wp-content\/uploads\/2026\/02\/theemergency.png\"><img loading=\"lazy\" decoding=\"async\" width=\"255\" height=\"391\" src=\"https:\/\/www.fantasticaficcion.com\/wp-content\/uploads\/2026\/02\/theemergency.png\" alt=\"\" class=\"wp-image-16790\" srcset=\"https:\/\/www.fantasticaficcion.com\/wp-content\/uploads\/2026\/02\/theemergency.png 255w, https:\/\/www.fantasticaficcion.com\/wp-content\/uploads\/2026\/02\/theemergency-196x300.png 196w\" sizes=\"auto, (max-width: 255px) 100vw, 255px\" \/><\/a><\/figure>\n<\/div>\n\n\n<p> <strong><em>The Emergency<\/em><\/strong> relata los primeros meses tras el colapso del Imperio, en una suerte de apocalipsis lento de una sociedad estratificada y anquilosada en sus formas. La novela est\u00e1 dividida en cuatro partes, con distintos puntos de vista de una misma familia acomodada en la vida cosmopolita de la capital del imperio, que luego ir\u00e1 viendo c\u00f3mo las estructuras en las que confiaba su vida se van desmoronando para dar paso a una infinidad de sistemas que no son capaces de suplir lo que antes daban por sentado.<\/p>\n\n\n\n<p>Aunque en principio la premisa era muy interesante, la ejecuci\u00f3n deja mucho que desear. No por que el libro est\u00e9 mal escrito, que no lo est\u00e1 en absoluto, si no por que la exposici\u00f3n de las ideas que surgen, del enfrentamiento entre clases o de la propia &#8220;aventura vital&#8221; a la que se enfrentan los personajes est\u00e1n a medio cocer. Packer no consigue en ning\u00fan momento despertar la empat\u00eda del lector hacia los afectados por la Emergencia, haciendo uso de lugares comunes en cualquier distop\u00eda bien sea en un trasunto de la cabina de suicidio, en la vuelta a un pasado presuntamente mejor y una sociedad jer\u00e1rquica en la que el poder se define por la fuerza, o el enfrentamiento al &#8220;otro&#8221; simplemente por ser diferente.<\/p>\n\n\n\n<p>Me parece que el autor quer\u00eda hacen hincapi\u00e9 en la inocencia juvenil de cualquier sistema social sobrevenido tras una cat\u00e1strofe, aunque en <strong><em>The Emergency<\/em><\/strong> nunca sabemos qu\u00e9 ha pasado para que se derrumbe el Imperio, quiz\u00e1 esa propia indefinici\u00f3n es la base sobre la que juega Packer. Si ni siquiera conocemos las causas que ha provocado esta situaci\u00f3n, \u00bfc\u00f3mo podremos hacerle frente?<\/p>\n\n\n\n<p>Me temo que el principal problema del libro es que pretend\u00eda ser ambicioso y se queda en agua de borrajas. Los conflictos descansan demasiado en el di\u00e1logo y los distintos movimientos que van surgiendo ya formados como Venus de las aguas son demasiado monol\u00edticos. Poca especulaci\u00f3n y poco inter\u00e9s para lo que esperaba del libro.<\/p>\n","protected":false},"excerpt":{"rendered":"<p>Creo que es interesante leer libros que se pueden enmarcar en la ciencia ficci\u00f3n aunque no vengan de figuras reconocibles dentro del g\u00e9nero. Es por esto que decid\u00ed leer The Emergency de George Packer, veterano escritor tanto de ficci\u00f3n como de no ficci\u00f3n. The Emergency relata los primeros meses tras el colapso del Imperio, en &hellip; <\/p>\n<p class=\"link-more\"><a href=\"https:\/\/www.fantasticaficcion.com\/index.php\/the-emergency\/\" class=\"more-link\">Continuar leyendo<span class=\"screen-reader-text\"> &#8220;The Emergency&#8221;<\/span><\/a><\/p>\n","protected":false},"author":1,"featured_media":16790,"comment_status":"open","ping_status":"open","sticky":false,"template":"","format":"standard","meta":{"jetpack_post_was_ever_published":false,"_jetpack_newsletter_access":"","_jetpack_dont_email_post_to_subs":false,"_jetpack_newsletter_tier_id":0,"_jetpack_memberships_contains_paywalled_content":false,"_jetpack_memberships_contains_paid_content":false,"footnotes":""},"categories":[10],"tags":[4,1739,1867,9,8],"class_list":["post-16789","post","type-post","status-publish","format-standard","has-post-thumbnail","hentry","category-ciencia-ficcion-2","tag-ciencia-ficcion","tag-farrar-straus-and-giroux","tag-george-packer","tag-libros-en-ingles","tag-resenas"],"jetpack_featured_media_url":"https:\/\/www.fantasticaficcion.com\/wp-content\/uploads\/2026\/02\/theemergency.png","jetpack_shortlink":"https:\/\/wp.me\/p5fEpk-4mN","jetpack_sharing_enabled":true,"_links":{"self":[{"href":"https:\/\/www.fantasticaficcion.com\/index.php\/wp-json\/wp\/v2\/posts\/16789","targetHints":{"allow":["GET"]}}],"collection":[{"href":"https:\/\/www.fantasticaficcion.com\/index.php\/wp-json\/wp\/v2\/posts"}],"about":[{"href":"https:\/\/www.fantasticaficcion.com\/index.php\/wp-json\/wp\/v2\/types\/post"}],"author":[{"embeddable":true,"href":"https:\/\/www.fantasticaficcion.com\/index.php\/wp-json\/wp\/v2\/users\/1"}],"replies":[{"embeddable":true,"href":"https:\/\/www.fantasticaficcion.com\/index.php\/wp-json\/wp\/v2\/comments?post=16789"}],"version-history":[{"count":2,"href":"https:\/\/www.fantasticaficcion.com\/index.php\/wp-json\/wp\/v2\/posts\/16789\/revisions"}],"predecessor-version":[{"id":16792,"href":"https:\/\/www.fantasticaficcion.com\/index.php\/wp-json\/wp\/v2\/posts\/16789\/revisions\/16792"}],"wp:featuredmedia":[{"embeddable":true,"href":"https:\/\/www.fantasticaficcion.com\/index.php\/wp-json\/wp\/v2\/media\/16790"}],"wp:attachment":[{"href":"https:\/\/www.fantasticaficcion.com\/index.php\/wp-json\/wp\/v2\/media?parent=16789"}],"wp:term":[{"taxonomy":"category","embeddable":true,"href":"https:\/\/www.fantasticaficcion.com\/index.php\/wp-json\/wp\/v2\/categories?post=16789"},{"taxonomy":"post_tag","embeddable":true,"href":"https:\/\/www.fantasticaficcion.com\/index.php\/wp-json\/wp\/v2\/tags?post=16789"}],"curies":[{"name":"wp","href":"https:\/\/api.w.org\/{rel}","templated":true}]}}