{"id":1660,"date":"2013-11-04T06:42:22","date_gmt":"2013-11-04T06:42:22","guid":{"rendered":"http:\/\/www.fantasticaficcion.com\/?p=1660"},"modified":"2013-11-04T06:42:22","modified_gmt":"2013-11-04T06:42:22","slug":"el-dia-d-paris-sector-sovietico","status":"publish","type":"post","link":"https:\/\/www.fantasticaficcion.com\/index.php\/el-dia-d-paris-sector-sovietico\/","title":{"rendered":"El d\u00eda D : Par\u00eds, Sector Sovi\u00e9tico"},"content":{"rendered":"<p style=\"text-align: justify;\"><a href=\"https:\/\/www.fantasticaficcion.com\/wp-content\/uploads\/2013\/10\/el-dia-d-n-03.jpg\"><img loading=\"lazy\" decoding=\"async\" class=\"alignright size-medium wp-image-1661\" alt=\"el-dia-d-n-03\" src=\"https:\/\/www.fantasticaficcion.com\/wp-content\/uploads\/2013\/10\/el-dia-d-n-03-221x300.jpg\" width=\"221\" height=\"300\" srcset=\"https:\/\/www.fantasticaficcion.com\/wp-content\/uploads\/2013\/10\/el-dia-d-n-03-221x300.jpg 221w, https:\/\/www.fantasticaficcion.com\/wp-content\/uploads\/2013\/10\/el-dia-d-n-03.jpg 295w\" sizes=\"auto, (max-width: 221px) 100vw, 221px\" \/><\/a>Esta nueva entrega de la serie <strong>&#8220;El d\u00eda D&#8221; <\/strong>me parece menos interesante que las anteriores (rese\u00f1adas <a title=\"El d\u00eda D \u00bfQui\u00e9n mat\u00f3 al presidente?\" href=\"https:\/\/www.fantasticaficcion.com\/index.php\/dia-d-quien-mato-presidente\/\">aqu\u00ed<\/a> y <a title=\"El d\u00eda D \u00a1Los rusos llegan a la Luna!\" href=\"https:\/\/www.fantasticaficcion.com\/index.php\/el-dia-d-los-rusos-llegan-a-la-luna\/\">aqu\u00ed<\/a>). Aunque la premisa de la que parte podr\u00eda dar mucho juego, al final todo queda en agua de borrajas.<\/p>\n<p style=\"text-align: justify;\">Si la ofensiva aliada se hubiera visto retenida por condiciones meteorol\u00f3gicas adversas, la derrota alemana hubiera llegado m\u00e1s tarde y los sovi\u00e9ticos hubieran conseguido llegar hasta Par\u00eds, la ciudad de las luces se hubiera convertido en el centro de la Guerra Fr\u00eda.<\/p>\n<p style=\"text-align: justify;\">\u00bfLlamativo? Sin duda, para alguien a quien le gusten<a title=\"Espionaje de g\u00e9nero\" href=\"https:\/\/www.fantasticaficcion.com\/index.php\/espionaje-de-genero\/\"> las historias de espionaje<\/a>. Pero la historia del gigol\u00f3-agente secreto (menuda combinaci\u00f3n) <strong>Saint-Elme<\/strong> no se sostiene. Cuando se produce un asesinato en el \u00e1rea sovi\u00e9tica y se <em>solicita <\/em>colaboraci\u00f3n en las investigaciones, este reconocido esp\u00eda es el elegido, dando al traste con cualquier sutileza en la infiltraci\u00f3n. La autor\u00eda de las muertes es tan obvia desde el primer momento que el resto de la intriga pol\u00edtica pierde fuelle. Me parece que en esta entrega Duval y P\u00e9cau no han conseguido desarrollar la trama en su totalidad.<\/p>\n<p style=\"text-align: justify;\">En el apartado gr\u00e1fico <strong>Ga\u00ebl S\u00e9jourm\u00e9 <\/strong>cumple con su cometido, aunque las expresiones faciales de los personajes dejan mucho que desear y se siente cierta frialdad en el dibujo. El color, sobre todo en las escenas nocturnas, s\u00ed es bastante destacable.<\/p>\n<p style=\"text-align: justify;\">Creo que comprar\u00e9 la siguiente entrega de &#8220;El d\u00eda D&#8221; para darle una nueva oportunidad a los autores y porque creo que cambiar\u00e1n de tem\u00e1tica, dejando un poco de lado la Segunda Guerra Mundial y sus consecuencias. Hay mucha historia que explorar.<\/p>\n","protected":false},"excerpt":{"rendered":"<p>Esta nueva entrega de la serie &#8220;El d\u00eda D&#8221; me parece menos interesante que las anteriores (rese\u00f1adas aqu\u00ed y aqu\u00ed). Aunque la premisa de la que parte podr\u00eda dar mucho juego, al final todo queda en agua de borrajas. Si la ofensiva aliada se hubiera visto retenida por condiciones meteorol\u00f3gicas adversas, la derrota alemana hubiera &hellip; <\/p>\n<p class=\"link-more\"><a href=\"https:\/\/www.fantasticaficcion.com\/index.php\/el-dia-d-paris-sector-sovietico\/\" class=\"more-link\">Continuar leyendo<span class=\"screen-reader-text\"> &#8220;El d\u00eda D : Par\u00eds, Sector Sovi\u00e9tico&#8221;<\/span><\/a><\/p>\n","protected":false},"author":1,"featured_media":0,"comment_status":"open","ping_status":"open","sticky":false,"template":"","format":"standard","meta":{"jetpack_post_was_ever_published":false,"_jetpack_newsletter_access":"","_jetpack_dont_email_post_to_subs":false,"_jetpack_newsletter_tier_id":0,"_jetpack_memberships_contains_paywalled_content":false,"_jetpack_memberships_contains_paid_content":false,"footnotes":""},"categories":[10,62],"tags":[4,135,183,14,136,8],"class_list":["post-1660","post","type-post","status-publish","format-standard","hentry","category-ciencia-ficcion-2","category-comic","tag-ciencia-ficcion","tag-fred-duval","tag-gael-sejourme","tag-libros-en-espanol","tag-pecau","tag-resenas"],"jetpack_featured_media_url":"","jetpack_shortlink":"https:\/\/wp.me\/p5fEpk-qM","jetpack_sharing_enabled":true,"_links":{"self":[{"href":"https:\/\/www.fantasticaficcion.com\/index.php\/wp-json\/wp\/v2\/posts\/1660","targetHints":{"allow":["GET"]}}],"collection":[{"href":"https:\/\/www.fantasticaficcion.com\/index.php\/wp-json\/wp\/v2\/posts"}],"about":[{"href":"https:\/\/www.fantasticaficcion.com\/index.php\/wp-json\/wp\/v2\/types\/post"}],"author":[{"embeddable":true,"href":"https:\/\/www.fantasticaficcion.com\/index.php\/wp-json\/wp\/v2\/users\/1"}],"replies":[{"embeddable":true,"href":"https:\/\/www.fantasticaficcion.com\/index.php\/wp-json\/wp\/v2\/comments?post=1660"}],"version-history":[{"count":2,"href":"https:\/\/www.fantasticaficcion.com\/index.php\/wp-json\/wp\/v2\/posts\/1660\/revisions"}],"predecessor-version":[{"id":1663,"href":"https:\/\/www.fantasticaficcion.com\/index.php\/wp-json\/wp\/v2\/posts\/1660\/revisions\/1663"}],"wp:attachment":[{"href":"https:\/\/www.fantasticaficcion.com\/index.php\/wp-json\/wp\/v2\/media?parent=1660"}],"wp:term":[{"taxonomy":"category","embeddable":true,"href":"https:\/\/www.fantasticaficcion.com\/index.php\/wp-json\/wp\/v2\/categories?post=1660"},{"taxonomy":"post_tag","embeddable":true,"href":"https:\/\/www.fantasticaficcion.com\/index.php\/wp-json\/wp\/v2\/tags?post=1660"}],"curies":[{"name":"wp","href":"https:\/\/api.w.org\/{rel}","templated":true}]}}