{"id":16474,"date":"2025-11-25T05:30:00","date_gmt":"2025-11-25T05:30:00","guid":{"rendered":"https:\/\/www.fantasticaficcion.com\/?p=16474"},"modified":"2025-11-03T07:17:52","modified_gmt":"2025-11-03T07:17:52","slug":"cubiertas-y-sinopsis-de-the-republic-of-memory","status":"publish","type":"post","link":"https:\/\/www.fantasticaficcion.com\/index.php\/cubiertas-y-sinopsis-de-the-republic-of-memory\/","title":{"rendered":"Cubiertas y sinopsis de The Republic of Memory"},"content":{"rendered":"\n<p>Este libro hab\u00eda pasado totalmente por debajo de mi radar, pero al verlo casi de refil\u00f3n en las redes sociales, se ha convertido en uno de mis objetivos. <a href=\"https:\/\/www.simonandschuster.com\/books\/The-Republic-of-Memory\/Mahmud-El-Sayed\/The-Song-of-the-Safina\/9781668207192\"> <strong><em>The Republic of Memory<\/em><\/strong><\/a>, de Mahmud El Sayed, es una novela <em>futur\u00e1rabe<\/em> con una nave generacional. Si esto no hace sonar vuestras alarmas, es que no est\u00e1is en el blog adecuado. Se publicar\u00e1 en mayo del a\u00f1o que viene.<\/p>\n\n\n\n<p>Esta es la sinopsis:<\/p>\n\n\n\n<blockquote class=\"wp-block-quote is-layout-flow wp-block-quote-is-layout-flow\">\n<p>The Safina is a city ship halfway through its four-hundred-year voyage from the ruins of Earth to a new colony world. Its crew maintain the ship, generation after generation, while protecting their ancestors in cryostasis so that one day they will be able to enjoy a fresh start under clear blue skies.<\/p>\n\n\n\n<p>But when blackouts start, unrest follows.<\/p>\n\n\n\n<p>The ship can only continue running smoothly with the cooperation of the crew. And the crew has had enough. As coordinated acts of resistance coincide with a much more complex conspiracy, a chain of events is set into motion that will change life on the Safina forever.<\/p>\n\n\n\n<p>Inspired by the real-world events of the Arab Spring,&nbsp;<em>The Republic of Memory<\/em>&nbsp;is a bold interrogation of empire and an energizing portrait of revolution.<\/p>\n<\/blockquote>\n\n\n\n<p>Mi traducci\u00f3n:<\/p>\n\n\n\n<blockquote class=\"wp-block-quote is-layout-flow wp-block-quote-is-layout-flow\">\n<p>La Safina es una nave ciudad a mitad de camino es un viaje de cuatrocientos a\u00f1os desde las ruinas de la Tierra a un nuevo mundo. Su tripulaci\u00f3n mantiene la nave, generaci\u00f3n tras generaci\u00f3n, mientras protege a sus ancestros criogenizados para que alg\u00fan d\u00eda puedan tener un nuevo comienzo bajo claros cielos azules.<\/p>\n\n\n\n<p>Pero cuando empiezan los apagones la agitaci\u00f3n los sigue.<\/p>\n\n\n\n<p>La nave solo puede continuar su viaje con normalidad con la colaboraci\u00f3n de la tripulaci\u00f3n. Y la tripulaci\u00f3n ya ha tenido suficiente. Actos de resistencia coordinados coinciden con una conspiraci\u00f3n mucho m\u00e1s compleja, una cadena de acontecimientos que cambiar\u00e1 la vida de la Safina para siempre.<\/p>\n\n\n\n<p>Inspirada por los acontecimientos de la Primavera \u00c1rabe, <em><strong>The Republic of Memory<\/strong><\/em> es una pregunta sobre los imperios y un retrato energizante de la revoluci\u00f3n.<\/p>\n<\/blockquote>\n\n\n\n<p>Estas son las cubiertas de la edici\u00f3n de Reino Unido y Estados Unidos:<\/p>\n\n\n<div class=\"wp-block-image\">\n<figure class=\"aligncenter size-large is-resized\"><a href=\"https:\/\/www.fantasticaficcion.com\/wp-content\/uploads\/2025\/10\/therepublicofmemoryUK.jpg\"><img loading=\"lazy\" decoding=\"async\" width=\"647\" height=\"1024\" src=\"https:\/\/www.fantasticaficcion.com\/wp-content\/uploads\/2025\/10\/therepublicofmemoryUK-647x1024.jpg\" alt=\"\" class=\"wp-image-16475\" style=\"width:674px;height:auto\" srcset=\"https:\/\/www.fantasticaficcion.com\/wp-content\/uploads\/2025\/10\/therepublicofmemoryUK-647x1024.jpg 647w, https:\/\/www.fantasticaficcion.com\/wp-content\/uploads\/2025\/10\/therepublicofmemoryUK-190x300.jpg 190w, https:\/\/www.fantasticaficcion.com\/wp-content\/uploads\/2025\/10\/therepublicofmemoryUK-768x1215.jpg 768w, https:\/\/www.fantasticaficcion.com\/wp-content\/uploads\/2025\/10\/therepublicofmemoryUK-971x1536.jpg 971w, https:\/\/www.fantasticaficcion.com\/wp-content\/uploads\/2025\/10\/therepublicofmemoryUK.jpg 1077w\" sizes=\"auto, (max-width: 647px) 100vw, 647px\" \/><\/a><\/figure>\n<\/div>\n\n\n<figure class=\"wp-block-image size-large\"><a href=\"https:\/\/www.fantasticaficcion.com\/wp-content\/uploads\/2025\/10\/therepublicofmemoryUSA.jpg\"><img loading=\"lazy\" decoding=\"async\" width=\"701\" height=\"1024\" src=\"https:\/\/www.fantasticaficcion.com\/wp-content\/uploads\/2025\/10\/therepublicofmemoryUSA-701x1024.jpg\" alt=\"\" class=\"wp-image-16476\" srcset=\"https:\/\/www.fantasticaficcion.com\/wp-content\/uploads\/2025\/10\/therepublicofmemoryUSA-701x1024.jpg 701w, https:\/\/www.fantasticaficcion.com\/wp-content\/uploads\/2025\/10\/therepublicofmemoryUSA-205x300.jpg 205w, https:\/\/www.fantasticaficcion.com\/wp-content\/uploads\/2025\/10\/therepublicofmemoryUSA-768x1122.jpg 768w, https:\/\/www.fantasticaficcion.com\/wp-content\/uploads\/2025\/10\/therepublicofmemoryUSA-1051x1536.jpg 1051w, https:\/\/www.fantasticaficcion.com\/wp-content\/uploads\/2025\/10\/therepublicofmemoryUSA.jpg 1080w\" sizes=\"auto, (max-width: 701px) 100vw, 701px\" \/><\/a><\/figure>\n","protected":false},"excerpt":{"rendered":"<p>Este libro hab\u00eda pasado totalmente por debajo de mi radar, pero al verlo casi de refil\u00f3n en las redes sociales, se ha convertido en uno de mis objetivos. The Republic of Memory, de Mahmud El Sayed, es una novela futur\u00e1rabe con una nave generacional. Si esto no hace sonar vuestras alarmas, es que no est\u00e1is &hellip; <\/p>\n<p class=\"link-more\"><a href=\"https:\/\/www.fantasticaficcion.com\/index.php\/cubiertas-y-sinopsis-de-the-republic-of-memory\/\" class=\"more-link\">Continuar leyendo<span class=\"screen-reader-text\"> &#8220;Cubiertas y sinopsis de The Republic of Memory&#8221;<\/span><\/a><\/p>\n","protected":false},"author":1,"featured_media":16475,"comment_status":"open","ping_status":"open","sticky":false,"template":"","format":"standard","meta":{"jetpack_post_was_ever_published":false,"_jetpack_newsletter_access":"","_jetpack_dont_email_post_to_subs":false,"_jetpack_newsletter_tier_id":0,"_jetpack_memberships_contains_paywalled_content":false,"_jetpack_memberships_contains_paid_content":false,"footnotes":""},"categories":[10],"tags":[4,1448,1351,9,1736,190,1343],"class_list":["post-16474","post","type-post","status-publish","format-standard","has-post-thumbnail","hentry","category-ciencia-ficcion-2","tag-ciencia-ficcion","tag-cubiertas","tag-gollancz","tag-libros-en-ingles","tag-mahmud-el-sayed","tag-noticias","tag-saga-press"],"jetpack_featured_media_url":"https:\/\/www.fantasticaficcion.com\/wp-content\/uploads\/2025\/10\/therepublicofmemoryUK.jpg","jetpack_shortlink":"https:\/\/wp.me\/p5fEpk-4hI","jetpack_sharing_enabled":true,"_links":{"self":[{"href":"https:\/\/www.fantasticaficcion.com\/index.php\/wp-json\/wp\/v2\/posts\/16474","targetHints":{"allow":["GET"]}}],"collection":[{"href":"https:\/\/www.fantasticaficcion.com\/index.php\/wp-json\/wp\/v2\/posts"}],"about":[{"href":"https:\/\/www.fantasticaficcion.com\/index.php\/wp-json\/wp\/v2\/types\/post"}],"author":[{"embeddable":true,"href":"https:\/\/www.fantasticaficcion.com\/index.php\/wp-json\/wp\/v2\/users\/1"}],"replies":[{"embeddable":true,"href":"https:\/\/www.fantasticaficcion.com\/index.php\/wp-json\/wp\/v2\/comments?post=16474"}],"version-history":[{"count":1,"href":"https:\/\/www.fantasticaficcion.com\/index.php\/wp-json\/wp\/v2\/posts\/16474\/revisions"}],"predecessor-version":[{"id":16477,"href":"https:\/\/www.fantasticaficcion.com\/index.php\/wp-json\/wp\/v2\/posts\/16474\/revisions\/16477"}],"wp:featuredmedia":[{"embeddable":true,"href":"https:\/\/www.fantasticaficcion.com\/index.php\/wp-json\/wp\/v2\/media\/16475"}],"wp:attachment":[{"href":"https:\/\/www.fantasticaficcion.com\/index.php\/wp-json\/wp\/v2\/media?parent=16474"}],"wp:term":[{"taxonomy":"category","embeddable":true,"href":"https:\/\/www.fantasticaficcion.com\/index.php\/wp-json\/wp\/v2\/categories?post=16474"},{"taxonomy":"post_tag","embeddable":true,"href":"https:\/\/www.fantasticaficcion.com\/index.php\/wp-json\/wp\/v2\/tags?post=16474"}],"curies":[{"name":"wp","href":"https:\/\/api.w.org\/{rel}","templated":true}]}}