{"id":16189,"date":"2025-07-28T05:30:00","date_gmt":"2025-07-28T05:30:00","guid":{"rendered":"https:\/\/www.fantasticaficcion.com\/?p=16189"},"modified":"2025-07-22T05:44:22","modified_gmt":"2025-07-22T05:44:22","slug":"presentacion-las-guerras-secretas-en-el-festival-celsius-232","status":"publish","type":"post","link":"https:\/\/www.fantasticaficcion.com\/index.php\/presentacion-las-guerras-secretas-en-el-festival-celsius-232\/","title":{"rendered":"Presentaci\u00f3n Las Guerras Secretas en el Festival Celsius 232"},"content":{"rendered":"\n<p>Gracias a la mano firme de El\u00edas Combarro, aqu\u00ed os traigo la presentaci\u00f3n del libro <strong><em>Las Guerras Secretas<\/em><\/strong> de Esteban Bentancour en el pasado Festival Celsius 232. Espero que lo disfrut\u00e9is.<\/p>\n\n\n\n<figure class=\"wp-block-embed is-type-video is-provider-youtube wp-block-embed-youtube wp-embed-aspect-16-9 wp-has-aspect-ratio\"><div class=\"wp-block-embed__wrapper\">\n<span class=\"embed-youtube\" style=\"text-align:center; display: block;\"><iframe loading=\"lazy\" class=\"youtube-player\" width=\"525\" height=\"296\" src=\"https:\/\/www.youtube.com\/embed\/kCYWS4l2oHE?version=3&#038;rel=1&#038;showsearch=0&#038;showinfo=1&#038;iv_load_policy=1&#038;fs=1&#038;hl=es-ES&#038;autohide=2&#038;wmode=transparent\" allowfullscreen=\"true\" style=\"border:0;\" sandbox=\"allow-scripts allow-same-origin allow-popups allow-presentation allow-popups-to-escape-sandbox\"><\/iframe><\/span>\n<\/div><\/figure>\n","protected":false},"excerpt":{"rendered":"<p>Gracias a la mano firme de El\u00edas Combarro, aqu\u00ed os traigo la presentaci\u00f3n del libro Las Guerras Secretas de Esteban Bentancour en el pasado Festival Celsius 232. Espero que lo disfrut\u00e9is.<\/p>\n","protected":false},"author":1,"featured_media":0,"comment_status":"open","ping_status":"open","sticky":false,"template":"","format":"standard","meta":{"jetpack_post_was_ever_published":false,"_jetpack_newsletter_access":"","_jetpack_dont_email_post_to_subs":false,"_jetpack_newsletter_tier_id":0,"_jetpack_memberships_contains_paywalled_content":false,"_jetpack_memberships_contains_paid_content":false,"footnotes":""},"categories":[10,833],"tags":[4,1058,190],"class_list":["post-16189","post","type-post","status-publish","format-standard","hentry","category-ciencia-ficcion-2","category-entrevista","tag-ciencia-ficcion","tag-esteban-betancour","tag-noticias"],"jetpack_featured_media_url":"","jetpack_shortlink":"https:\/\/wp.me\/p5fEpk-4d7","jetpack_sharing_enabled":true,"_links":{"self":[{"href":"https:\/\/www.fantasticaficcion.com\/index.php\/wp-json\/wp\/v2\/posts\/16189","targetHints":{"allow":["GET"]}}],"collection":[{"href":"https:\/\/www.fantasticaficcion.com\/index.php\/wp-json\/wp\/v2\/posts"}],"about":[{"href":"https:\/\/www.fantasticaficcion.com\/index.php\/wp-json\/wp\/v2\/types\/post"}],"author":[{"embeddable":true,"href":"https:\/\/www.fantasticaficcion.com\/index.php\/wp-json\/wp\/v2\/users\/1"}],"replies":[{"embeddable":true,"href":"https:\/\/www.fantasticaficcion.com\/index.php\/wp-json\/wp\/v2\/comments?post=16189"}],"version-history":[{"count":1,"href":"https:\/\/www.fantasticaficcion.com\/index.php\/wp-json\/wp\/v2\/posts\/16189\/revisions"}],"predecessor-version":[{"id":16190,"href":"https:\/\/www.fantasticaficcion.com\/index.php\/wp-json\/wp\/v2\/posts\/16189\/revisions\/16190"}],"wp:attachment":[{"href":"https:\/\/www.fantasticaficcion.com\/index.php\/wp-json\/wp\/v2\/media?parent=16189"}],"wp:term":[{"taxonomy":"category","embeddable":true,"href":"https:\/\/www.fantasticaficcion.com\/index.php\/wp-json\/wp\/v2\/categories?post=16189"},{"taxonomy":"post_tag","embeddable":true,"href":"https:\/\/www.fantasticaficcion.com\/index.php\/wp-json\/wp\/v2\/tags?post=16189"}],"curies":[{"name":"wp","href":"https:\/\/api.w.org\/{rel}","templated":true}]}}