{"id":15527,"date":"2024-11-22T05:30:00","date_gmt":"2024-11-22T05:30:00","guid":{"rendered":"https:\/\/www.fantasticaficcion.com\/?p=15527"},"modified":"2024-11-04T07:49:54","modified_gmt":"2024-11-04T07:49:54","slug":"cubierta-y-sinopsis-de-the-desert-talon","status":"publish","type":"post","link":"https:\/\/www.fantasticaficcion.com\/index.php\/cubierta-y-sinopsis-de-the-desert-talon\/","title":{"rendered":"Cubierta y sinopsis de The Desert Talon"},"content":{"rendered":"\n<p>Ya se ha anunciado c\u00f3mo ser\u00e1 la cubierta de <strong><em><a href=\"https:\/\/x.com\/Solarisbooks\/status\/1853128782745342426?s=03\">The Desert Talon<\/a><\/em><\/strong>, la segunda entrega de la serie <em>The Crowns of Ishia<\/em> de Karin Lowachee. Solaris la pondr\u00e1 a la venta el 13 de febrero de 2025, pero de momento ya hemos tenido acceso a la sinopis:<\/p>\n\n\n\n<blockquote class=\"wp-block-quote is-layout-flow wp-block-quote-is-layout-flow\">\n<p>Sephihal\u00e9 ele Janan sits in a prison cell in the southern island of Mazemoor, dreaming of escape. After months in a provisional prison for fighting for the imperial Kattakans, Janan is sponsored by another refugee who was once a part of his scattered family. Yearning to build a life on his sister\u2019s land with the dragons their people revere, the peace Janan seeks is threatened by a ruthless dragon baron who covets both Janan\u2019s connection to the earth and the battle dragon to which he is covenanted.<br><br>The conflict may drive Janan to acts of violence he hoped to leave behind in the war, and bring more death to the land Janan now calls home.<br><br><em>The Desert Talon<\/em>\u00a0is a story of two groups of people who, despite a common ancestry, have diverged so far in their beliefs that there appears to be little mutual ground\u2015and the conflict may well start to unravel the burgeoning hopes of a country, and a man, still recovering from the ravages of war.<\/p>\n<\/blockquote>\n\n\n\n<p>Mi traducci\u00f3n:<\/p>\n\n\n\n<blockquote class=\"wp-block-quote is-layout-flow wp-block-quote-is-layout-flow\">\n<p>Sephihal\u00e9 ele Janan permanece en prisi\u00f3n en la sure\u00f1a isla de Mazemoor, so\u00f1ando con la huida. Tras meses de prisi\u00f3n provisional por luchar por los imperiales Kattakans, Janan recibe el apoyo de otro refugiado que una vez form\u00f3 parte de su desperdigada familia. Desean construir una vida en la tierra de su hermana con los dragones a los que su gente venera, la paz que Janan busca est\u00e1 en peligro por las acciones de un despiadado bar\u00f3n de dragones que anhela la conexi\u00f3n de Janan con la tierra y su drag\u00f3n de batalla.<\/p>\n\n\n\n<p>El conflicto puede llevar a Janan a cometer actos violentos que esperaba dejar atr\u00e1s en al guerra y traer m\u00e1s muerte a la tierra que ahora es la suya.<\/p>\n\n\n\n<p>The Desert Talon es una historia de dos grupos de personas que, a pesar de tener un linaje com\u00fan, se han separado tanto en sus creencias que parece que hay poco terreno com\u00fan y el conflicto podr\u00eda muy bien empezar a desvelar las florecientes esperanzas de un pa\u00eds y un hombre que todav\u00eda se est\u00e1n recuperando de los estragos de la guerra.<\/p>\n<\/blockquote>\n\n\n\n<p>La cubierta, obra de Sam Gretton:<\/p>\n\n\n<div class=\"wp-block-image\">\n<figure class=\"aligncenter size-full\"><a href=\"https:\/\/www.fantasticaficcion.com\/wp-content\/uploads\/2024\/11\/Thedeserttalon.jpg\"><img loading=\"lazy\" decoding=\"async\" width=\"290\" height=\"466\" src=\"https:\/\/www.fantasticaficcion.com\/wp-content\/uploads\/2024\/11\/Thedeserttalon.jpg\" alt=\"\" class=\"wp-image-15528\" srcset=\"https:\/\/www.fantasticaficcion.com\/wp-content\/uploads\/2024\/11\/Thedeserttalon.jpg 290w, https:\/\/www.fantasticaficcion.com\/wp-content\/uploads\/2024\/11\/Thedeserttalon-187x300.jpg 187w\" sizes=\"auto, (max-width: 290px) 100vw, 290px\" \/><\/a><\/figure>\n<\/div>","protected":false},"excerpt":{"rendered":"<p>Ya se ha anunciado c\u00f3mo ser\u00e1 la cubierta de The Desert Talon, la segunda entrega de la serie The Crowns of Ishia de Karin Lowachee. Solaris la pondr\u00e1 a la venta el 13 de febrero de 2025, pero de momento ya hemos tenido acceso a la sinopis: Sephihal\u00e9 ele Janan sits in a prison cell &hellip; <\/p>\n<p class=\"link-more\"><a href=\"https:\/\/www.fantasticaficcion.com\/index.php\/cubierta-y-sinopsis-de-the-desert-talon\/\" class=\"more-link\">Continuar leyendo<span class=\"screen-reader-text\"> &#8220;Cubierta y sinopsis de The Desert Talon&#8221;<\/span><\/a><\/p>\n","protected":false},"author":1,"featured_media":15528,"comment_status":"open","ping_status":"open","sticky":false,"template":"","format":"standard","meta":{"jetpack_post_was_ever_published":false,"_jetpack_newsletter_access":"","_jetpack_dont_email_post_to_subs":false,"_jetpack_newsletter_tier_id":0,"_jetpack_memberships_contains_paywalled_content":false,"_jetpack_memberships_contains_paid_content":false,"footnotes":""},"categories":[830,5],"tags":[1448,664,766,9,190,1347],"class_list":["post-15527","post","type-post","status-publish","format-standard","has-post-thumbnail","hentry","category-artistas","category-fantasia","tag-cubiertas","tag-fantasia","tag-karin-lowachee","tag-libros-en-ingles","tag-noticias","tag-rebellion"],"jetpack_featured_media_url":"https:\/\/www.fantasticaficcion.com\/wp-content\/uploads\/2024\/11\/Thedeserttalon.jpg","jetpack_shortlink":"https:\/\/wp.me\/p5fEpk-42r","jetpack_sharing_enabled":true,"_links":{"self":[{"href":"https:\/\/www.fantasticaficcion.com\/index.php\/wp-json\/wp\/v2\/posts\/15527","targetHints":{"allow":["GET"]}}],"collection":[{"href":"https:\/\/www.fantasticaficcion.com\/index.php\/wp-json\/wp\/v2\/posts"}],"about":[{"href":"https:\/\/www.fantasticaficcion.com\/index.php\/wp-json\/wp\/v2\/types\/post"}],"author":[{"embeddable":true,"href":"https:\/\/www.fantasticaficcion.com\/index.php\/wp-json\/wp\/v2\/users\/1"}],"replies":[{"embeddable":true,"href":"https:\/\/www.fantasticaficcion.com\/index.php\/wp-json\/wp\/v2\/comments?post=15527"}],"version-history":[{"count":1,"href":"https:\/\/www.fantasticaficcion.com\/index.php\/wp-json\/wp\/v2\/posts\/15527\/revisions"}],"predecessor-version":[{"id":15529,"href":"https:\/\/www.fantasticaficcion.com\/index.php\/wp-json\/wp\/v2\/posts\/15527\/revisions\/15529"}],"wp:featuredmedia":[{"embeddable":true,"href":"https:\/\/www.fantasticaficcion.com\/index.php\/wp-json\/wp\/v2\/media\/15528"}],"wp:attachment":[{"href":"https:\/\/www.fantasticaficcion.com\/index.php\/wp-json\/wp\/v2\/media?parent=15527"}],"wp:term":[{"taxonomy":"category","embeddable":true,"href":"https:\/\/www.fantasticaficcion.com\/index.php\/wp-json\/wp\/v2\/categories?post=15527"},{"taxonomy":"post_tag","embeddable":true,"href":"https:\/\/www.fantasticaficcion.com\/index.php\/wp-json\/wp\/v2\/tags?post=15527"}],"curies":[{"name":"wp","href":"https:\/\/api.w.org\/{rel}","templated":true}]}}