{"id":15511,"date":"2025-03-31T05:30:00","date_gmt":"2025-03-31T05:30:00","guid":{"rendered":"https:\/\/www.fantasticaficcion.com\/?p=15511"},"modified":"2024-10-28T12:18:25","modified_gmt":"2024-10-28T12:18:25","slug":"where-the-axe-is-buried","status":"publish","type":"post","link":"https:\/\/www.fantasticaficcion.com\/index.php\/where-the-axe-is-buried\/","title":{"rendered":"Where the Axe is Buried"},"content":{"rendered":"\n<p>Han pasado ya muchos a\u00f1os desde que asist\u00ed una mesa redonda en la que participaba mi querido amigo El\u00edas Combarro titulada &#8220;La rese\u00f1a es pol\u00edtica&#8221;. Si esta afirmaci\u00f3n es cierta de por s\u00ed, a\u00fan lo es m\u00e1s cuando hablamos de un libro con una carga pol\u00edtica tan importante como <strong><em>Where the Axe is Buried.<\/em><\/strong><\/p>\n\n\n\n<p>Esta es una novela sobre refugiados, sobre poder, sobre sistemas que se perpet\u00faan a s\u00ed mismos pero, sobre todo, es una novela sobre resiliencia. No se dan nombres sobre los pa\u00edses en los que est\u00e1n basados la federaci\u00f3n, la ciudad-estado y los distintos reg\u00edmenes donde tiene lugar el relato, pero no hace falta, porque todos sabemos a qui\u00e9nes se refiere Nayler. Es un libro tremendamente fr\u00edo y cerebral, lo cual hace que sea un poco dif\u00edcil entrar en \u00e9l, pero el mensaje que nos hace llegar es tan duro como certero, avasallador como un derrumbamiento.<\/p>\n\n\n<div class=\"wp-block-image\">\n<figure class=\"alignright size-full\"><a href=\"https:\/\/www.fantasticaficcion.com\/wp-content\/uploads\/2024\/10\/wheretheaxeisburied.png\"><img loading=\"lazy\" decoding=\"async\" width=\"255\" height=\"392\" src=\"https:\/\/www.fantasticaficcion.com\/wp-content\/uploads\/2024\/10\/wheretheaxeisburied.png\" alt=\"\" class=\"wp-image-15512\" srcset=\"https:\/\/www.fantasticaficcion.com\/wp-content\/uploads\/2024\/10\/wheretheaxeisburied.png 255w, https:\/\/www.fantasticaficcion.com\/wp-content\/uploads\/2024\/10\/wheretheaxeisburied-195x300.png 195w\" sizes=\"auto, (max-width: 255px) 100vw, 255px\" \/><\/a><\/figure>\n<\/div>\n\n\n<p>Desde distintos puntos de vista asistiremos al desarrollo de los acontecimientos en un futuro cercano, donde el poder de casi todos los pa\u00edses est\u00e1 en manos de Primeros Ministros que son Inteligencias Artificiales que aplican sus despiadados algoritmos para hacer m\u00e1s eficiente el sistema, en una especia de extrapolaci\u00f3n de la inteligencia artificial mar\u00edtima que ya vimos en <strong><em><a href=\"https:\/\/www.fantasticaficcion.com\/index.php\/the-mountain-in-the-sea\/\" data-type=\"post\" data-id=\"13068\">The Mountain in the Sea<\/a><\/em><\/strong>, pero con mayor capacidad de influir en las vidas humanas. La resistencia es f\u00fatil. Y qu\u00e9 decir del Presidente que se perpet\u00faa en el poder a trav\u00e9s de clones convenientemente cambiados para que parezca que hay progreso, cuando solo hay inmovilismo. Se ha llegado a esta situaci\u00f3n por la pasividad de las masas y tambi\u00e9n por cierto hartazgo con los sistemas probados hasta entonces, con los que nadie estaba contento.<\/p>\n\n\n\n<p>Ray Nayler es un gran conocedor de la situaci\u00f3n geopol\u00edtica actual, especialmente de Rusia y sus exrep\u00fablicas socialistas y no pierde la oportunidad de hacernos ver que el sistema actual es corrupto y se tambalea, pero no sabemos cu\u00e1l ser\u00eda la soluci\u00f3n m\u00e1s id\u00f3nea. Como digo, los personajes mediante los que expone sus ideas muestran una apat\u00eda casi contagiosa, han bajado los brazos a base de darse cabezazos contra la pared. No se puede decir que el libro ofrezca esperanza ni respuestas, por que no lo hace, pero s\u00ed que nos da material para la reflexi\u00f3n. Si me permit\u00eds la exageraci\u00f3n, es un libro con mucha m\u00e1s ciencia que ficci\u00f3n, con unas importantes reflexiones sobre el camino que estamos tomando con las inteligencias artificiales, pero tambi\u00e9n con especulaci\u00f3n sobre d\u00f3nde nos est\u00e1n llevando los pol\u00edticos en la actualidad. Creo que se trata de una lectura imprescindible y est\u00e1 llamado a ser una de las obras del a\u00f1o.<\/p>\n","protected":false},"excerpt":{"rendered":"<p>Han pasado ya muchos a\u00f1os desde que asist\u00ed una mesa redonda en la que participaba mi querido amigo El\u00edas Combarro titulada &#8220;La rese\u00f1a es pol\u00edtica&#8221;. Si esta afirmaci\u00f3n es cierta de por s\u00ed, a\u00fan lo es m\u00e1s cuando hablamos de un libro con una carga pol\u00edtica tan importante como Where the Axe is Buried. Esta &hellip; <\/p>\n<p class=\"link-more\"><a href=\"https:\/\/www.fantasticaficcion.com\/index.php\/where-the-axe-is-buried\/\" class=\"more-link\">Continuar leyendo<span class=\"screen-reader-text\"> &#8220;Where the Axe is Buried&#8221;<\/span><\/a><\/p>\n","protected":false},"author":1,"featured_media":15512,"comment_status":"open","ping_status":"open","sticky":false,"template":"","format":"standard","meta":{"jetpack_post_was_ever_published":false,"_jetpack_newsletter_access":"","_jetpack_dont_email_post_to_subs":false,"_jetpack_newsletter_tier_id":0,"_jetpack_memberships_contains_paywalled_content":false,"_jetpack_memberships_contains_paid_content":false,"footnotes":""},"categories":[10],"tags":[4,1739,9,1458,8],"class_list":["post-15511","post","type-post","status-publish","format-standard","has-post-thumbnail","hentry","category-ciencia-ficcion-2","tag-ciencia-ficcion","tag-farrar-straus-and-giroux","tag-libros-en-ingles","tag-ray-nayler","tag-resenas"],"jetpack_featured_media_url":"https:\/\/www.fantasticaficcion.com\/wp-content\/uploads\/2024\/10\/wheretheaxeisburied.png","jetpack_shortlink":"https:\/\/wp.me\/p5fEpk-42b","jetpack_sharing_enabled":true,"_links":{"self":[{"href":"https:\/\/www.fantasticaficcion.com\/index.php\/wp-json\/wp\/v2\/posts\/15511","targetHints":{"allow":["GET"]}}],"collection":[{"href":"https:\/\/www.fantasticaficcion.com\/index.php\/wp-json\/wp\/v2\/posts"}],"about":[{"href":"https:\/\/www.fantasticaficcion.com\/index.php\/wp-json\/wp\/v2\/types\/post"}],"author":[{"embeddable":true,"href":"https:\/\/www.fantasticaficcion.com\/index.php\/wp-json\/wp\/v2\/users\/1"}],"replies":[{"embeddable":true,"href":"https:\/\/www.fantasticaficcion.com\/index.php\/wp-json\/wp\/v2\/comments?post=15511"}],"version-history":[{"count":2,"href":"https:\/\/www.fantasticaficcion.com\/index.php\/wp-json\/wp\/v2\/posts\/15511\/revisions"}],"predecessor-version":[{"id":15514,"href":"https:\/\/www.fantasticaficcion.com\/index.php\/wp-json\/wp\/v2\/posts\/15511\/revisions\/15514"}],"wp:featuredmedia":[{"embeddable":true,"href":"https:\/\/www.fantasticaficcion.com\/index.php\/wp-json\/wp\/v2\/media\/15512"}],"wp:attachment":[{"href":"https:\/\/www.fantasticaficcion.com\/index.php\/wp-json\/wp\/v2\/media?parent=15511"}],"wp:term":[{"taxonomy":"category","embeddable":true,"href":"https:\/\/www.fantasticaficcion.com\/index.php\/wp-json\/wp\/v2\/categories?post=15511"},{"taxonomy":"post_tag","embeddable":true,"href":"https:\/\/www.fantasticaficcion.com\/index.php\/wp-json\/wp\/v2\/tags?post=15511"}],"curies":[{"name":"wp","href":"https:\/\/api.w.org\/{rel}","templated":true}]}}