{"id":15494,"date":"2024-11-08T05:30:00","date_gmt":"2024-11-08T05:30:00","guid":{"rendered":"https:\/\/www.fantasticaficcion.com\/?p=15494"},"modified":"2024-10-21T08:43:33","modified_gmt":"2024-10-21T08:43:33","slug":"gollancz-adquiere-los-derechos-de-the-republic-of-memory","status":"publish","type":"post","link":"https:\/\/www.fantasticaficcion.com\/index.php\/gollancz-adquiere-los-derechos-de-the-republic-of-memory\/","title":{"rendered":"Gollancz adquiere los derechos de The Republic of Memory"},"content":{"rendered":"\n<p>Gollancz ha anunciado la adquisici\u00f3n de un duolog\u00eda \u00e1rabefuturista obra de <a href=\"https:\/\/www.thebookseller.com\/rights\/gollancz-pre-empts-mahmud-el-sayeds-blistering-debut-science-fiction-epic?utm_medium=Social&amp;utm_source=Twitter#Echobox=1729152548\">Mahmud El Sayed<\/a>. Quiz\u00e1 os suene el nombre del autor como ganador del 2023 Future Worlds Prize for Fantasy and Science Fiction Writers of Colour.<\/p>\n\n\n\n<p>Sobre el primer libro, comentan que se trata de un trabajo apabullante de \u00e1rabefuturismo en la nave generacional Safina durante un periodo de mucho inquietud, con la nave sufriendo apagones aparentemente aleatorios y la tripulaci\u00f3n muy dividida. El autor afirma que se inspir\u00f3 en la Primavera \u00c1rabe para escribir su obra. <\/p>\n\n\n\n<p><strong><em>The Republic of Memory<\/em><\/strong> se publicar\u00e1 en primavera de 2026.<\/p>\n\n\n\n<p><\/p>\n\n\n\n<p><\/p>\n","protected":false},"excerpt":{"rendered":"<p>Gollancz ha anunciado la adquisici\u00f3n de un duolog\u00eda \u00e1rabefuturista obra de Mahmud El Sayed. Quiz\u00e1 os suene el nombre del autor como ganador del 2023 Future Worlds Prize for Fantasy and Science Fiction Writers of Colour. Sobre el primer libro, comentan que se trata de un trabajo apabullante de \u00e1rabefuturismo en la nave generacional Safina &hellip; <\/p>\n<p class=\"link-more\"><a href=\"https:\/\/www.fantasticaficcion.com\/index.php\/gollancz-adquiere-los-derechos-de-the-republic-of-memory\/\" class=\"more-link\">Continuar leyendo<span class=\"screen-reader-text\"> &#8220;Gollancz adquiere los derechos de The Republic of Memory&#8221;<\/span><\/a><\/p>\n","protected":false},"author":1,"featured_media":0,"comment_status":"open","ping_status":"open","sticky":false,"template":"","format":"standard","meta":{"jetpack_post_was_ever_published":false,"_jetpack_newsletter_access":"","_jetpack_dont_email_post_to_subs":false,"_jetpack_newsletter_tier_id":0,"_jetpack_memberships_contains_paywalled_content":false,"_jetpack_memberships_contains_paid_content":false,"footnotes":""},"categories":[10,1],"tags":[4,1351,9,1736,190],"class_list":["post-15494","post","type-post","status-publish","format-standard","hentry","category-ciencia-ficcion-2","category-sin-categoria","tag-ciencia-ficcion","tag-gollancz","tag-libros-en-ingles","tag-mahmud-el-sayed","tag-noticias"],"jetpack_featured_media_url":"","jetpack_shortlink":"https:\/\/wp.me\/p5fEpk-41U","jetpack_sharing_enabled":true,"_links":{"self":[{"href":"https:\/\/www.fantasticaficcion.com\/index.php\/wp-json\/wp\/v2\/posts\/15494","targetHints":{"allow":["GET"]}}],"collection":[{"href":"https:\/\/www.fantasticaficcion.com\/index.php\/wp-json\/wp\/v2\/posts"}],"about":[{"href":"https:\/\/www.fantasticaficcion.com\/index.php\/wp-json\/wp\/v2\/types\/post"}],"author":[{"embeddable":true,"href":"https:\/\/www.fantasticaficcion.com\/index.php\/wp-json\/wp\/v2\/users\/1"}],"replies":[{"embeddable":true,"href":"https:\/\/www.fantasticaficcion.com\/index.php\/wp-json\/wp\/v2\/comments?post=15494"}],"version-history":[{"count":1,"href":"https:\/\/www.fantasticaficcion.com\/index.php\/wp-json\/wp\/v2\/posts\/15494\/revisions"}],"predecessor-version":[{"id":15495,"href":"https:\/\/www.fantasticaficcion.com\/index.php\/wp-json\/wp\/v2\/posts\/15494\/revisions\/15495"}],"wp:attachment":[{"href":"https:\/\/www.fantasticaficcion.com\/index.php\/wp-json\/wp\/v2\/media?parent=15494"}],"wp:term":[{"taxonomy":"category","embeddable":true,"href":"https:\/\/www.fantasticaficcion.com\/index.php\/wp-json\/wp\/v2\/categories?post=15494"},{"taxonomy":"post_tag","embeddable":true,"href":"https:\/\/www.fantasticaficcion.com\/index.php\/wp-json\/wp\/v2\/tags?post=15494"}],"curies":[{"name":"wp","href":"https:\/\/api.w.org\/{rel}","templated":true}]}}