{"id":15439,"date":"2024-10-23T05:30:00","date_gmt":"2024-10-23T05:30:00","guid":{"rendered":"https:\/\/www.fantasticaficcion.com\/?p=15439"},"modified":"2024-10-08T10:16:19","modified_gmt":"2024-10-08T10:16:19","slug":"the-collarbound-y-the-hawkling","status":"publish","type":"post","link":"https:\/\/www.fantasticaficcion.com\/index.php\/the-collarbound-y-the-hawkling\/","title":{"rendered":"The Collarbound y The Hawkling"},"content":{"rendered":"\n<p>Suena un poco raro rese\u00f1ar dos libros en una sola entrega, pero la verdad es que cuando termin\u00e9 <strong><em>The Collabound<\/em><\/strong> sent\u00ed que no hab\u00eda le\u00eddo una novela completa, si no una introducci\u00f3n muy larga de otro libro. Para comprobarlo, me le\u00ed enseguida <strong><em>The Hawkling<\/em><\/strong>, que es la continuaci\u00f3n y mi perspectiva cambi\u00f3. No voy a decir que se hayan planteado ambos libros como una sola novela que se haya partido por la mitad porque no tengo la certeza, pero es algo que no me extra\u00f1ar\u00eda nada.<\/p>\n\n\n<div class=\"wp-block-image\">\n<figure class=\"alignright size-large is-resized\"><a href=\"https:\/\/www.fantasticaficcion.com\/wp-content\/uploads\/2021\/11\/The-Collarbound-scaled-1.jpg\"><img loading=\"lazy\" decoding=\"async\" width=\"672\" height=\"1024\" src=\"https:\/\/www.fantasticaficcion.com\/wp-content\/uploads\/2021\/11\/The-Collarbound-scaled-1-672x1024.jpg\" alt=\"\" class=\"wp-image-12540\" style=\"width:272px;height:auto\" srcset=\"https:\/\/www.fantasticaficcion.com\/wp-content\/uploads\/2021\/11\/The-Collarbound-scaled-1-672x1024.jpg 672w, https:\/\/www.fantasticaficcion.com\/wp-content\/uploads\/2021\/11\/The-Collarbound-scaled-1-197x300.jpg 197w, https:\/\/www.fantasticaficcion.com\/wp-content\/uploads\/2021\/11\/The-Collarbound-scaled-1-768x1170.jpg 768w, https:\/\/www.fantasticaficcion.com\/wp-content\/uploads\/2021\/11\/The-Collarbound-scaled-1-1009x1536.jpg 1009w, https:\/\/www.fantasticaficcion.com\/wp-content\/uploads\/2021\/11\/The-Collarbound-scaled-1-1345x2048.jpg 1345w, https:\/\/www.fantasticaficcion.com\/wp-content\/uploads\/2021\/11\/The-Collarbound-scaled-1.jpg 1400w\" sizes=\"auto, (max-width: 672px) 100vw, 672px\" \/><\/a><\/figure>\n<\/div>\n\n\n<p>Rebecca Zahabi da voz a dos personajes que est\u00e1n en las fronteras de su mundo secundario, no f\u00edsicamente si no mentalmente. Por un lado tenemos a Isha, una refugiada marcada con un tatuaje Kher que la se\u00f1ala como mestiza, como alguien extra\u00f1o a quien evitar. Por otro lado tenemos a Tatters, esclavo con su collar de oro m\u00e1gico a las \u00f3rdenes de un superior que puede obligarlo a realizar cualquier tarea. Ambos personajes se encontrar\u00e1n y forjar\u00e1n una extra\u00f1a alianza que podr\u00eda cambiar sus vidas para siempre.<\/p>\n\n\n\n<p>La acci\u00f3n se sit\u00faa principalmente en el Nest, una fortaleza de gigantescas dimensiones que sirve como hogar a los magos y sus aprendices. Y aqu\u00ed es d\u00f3nde empiezan a verse las costuras de los libros. Zahabi dota de especial importancia a los combates telep\u00e1ticos, pero  todos los enfrentamientos de los que somos testigos son tremendamente similares. Por supuesto, los variopintos or\u00edgenes de Isha y Tatters les dotan de ciertas caracter\u00edsticas que les facilitaran mucho salir victoriosos de estas escaramuzas sin problema. Cansa un poco ya la cantinela de &#8220;el elegido&#8221;.<\/p>\n\n\n<div class=\"wp-block-image\">\n<figure class=\"alignleft size-full is-resized\"><a href=\"https:\/\/www.fantasticaficcion.com\/wp-content\/uploads\/2024\/10\/thehawkling.jpg\"><img loading=\"lazy\" decoding=\"async\" width=\"500\" height=\"768\" src=\"https:\/\/www.fantasticaficcion.com\/wp-content\/uploads\/2024\/10\/thehawkling.jpg\" alt=\"\" class=\"wp-image-15440\" style=\"width:290px;height:auto\" srcset=\"https:\/\/www.fantasticaficcion.com\/wp-content\/uploads\/2024\/10\/thehawkling.jpg 500w, https:\/\/www.fantasticaficcion.com\/wp-content\/uploads\/2024\/10\/thehawkling-195x300.jpg 195w\" sizes=\"auto, (max-width: 500px) 100vw, 500px\" \/><\/a><\/figure>\n<\/div>\n\n\n<p>Quiz\u00e1 sea m\u00e1s interesante el trasfondo de rebeli\u00f3n que va in crescendo a lo largo de las p\u00e1ginas, con diversas razas oprimidas por los magos con sus poderes, en un trasunto poco sutil de la sociedad actual, cambiando el poder econ\u00f3mico por el m\u00e1gico.  Cierto es que en <strong><em>The Hawkling<\/em><\/strong> se descubrir\u00e1n hitos interesantes del pasado que explicar\u00e1n algunas de las situaciones del presente, pero la intriga no consigue engancharme como lectora y sientes todo el rato que te est\u00e1n escamoteando informaci\u00f3n por arte de birlibirloque. En una decisi\u00f3n un tanto extra\u00f1a, Zahabi reduce enormemente la presencia de Tatters a lo largo de la segunda entrega (o segunda parte si damos cr\u00e9dito a mi teor\u00eda), dejando una pesada carga en los hombres de Isha, que no s\u00e9 si es capaz de mantener el tipo durante todo el desarrollo. Y eso que son libros cortos para lo que se estila normalmente en fantas\u00eda. <\/p>\n\n\n\n<p>No s\u00e9 si continuar\u00e9 con el siguiente volumen de la trilog\u00eda porque la autora no ha conseguido interesarme en su porvenir. Es una pena, porque parec\u00eda que ten\u00eda buenos mimbres y se agradece que los libros no sean tan largos, pero no han conseguido convencerme. <\/p>\n","protected":false},"excerpt":{"rendered":"<p>Suena un poco raro rese\u00f1ar dos libros en una sola entrega, pero la verdad es que cuando termin\u00e9 The Collabound sent\u00ed que no hab\u00eda le\u00eddo una novela completa, si no una introducci\u00f3n muy larga de otro libro. Para comprobarlo, me le\u00ed enseguida The Hawkling, que es la continuaci\u00f3n y mi perspectiva cambi\u00f3. No voy a &hellip; <\/p>\n<p class=\"link-more\"><a href=\"https:\/\/www.fantasticaficcion.com\/index.php\/the-collarbound-y-the-hawkling\/\" class=\"more-link\">Continuar leyendo<span class=\"screen-reader-text\"> &#8220;The Collarbound y The Hawkling&#8221;<\/span><\/a><\/p>\n","protected":false},"author":1,"featured_media":12540,"comment_status":"open","ping_status":"open","sticky":false,"template":"","format":"standard","meta":{"jetpack_post_was_ever_published":false,"_jetpack_newsletter_access":"","_jetpack_dont_email_post_to_subs":false,"_jetpack_newsletter_tier_id":0,"_jetpack_memberships_contains_paywalled_content":false,"_jetpack_memberships_contains_paid_content":false,"footnotes":""},"categories":[5],"tags":[664,1351,9,190,1434,8],"class_list":["post-15439","post","type-post","status-publish","format-standard","has-post-thumbnail","hentry","category-fantasia","tag-fantasia","tag-gollancz","tag-libros-en-ingles","tag-noticias","tag-rebecca-zahabi","tag-resenas"],"jetpack_featured_media_url":"https:\/\/www.fantasticaficcion.com\/wp-content\/uploads\/2021\/11\/The-Collarbound-scaled-1.jpg","jetpack_shortlink":"https:\/\/wp.me\/p5fEpk-411","jetpack_sharing_enabled":true,"_links":{"self":[{"href":"https:\/\/www.fantasticaficcion.com\/index.php\/wp-json\/wp\/v2\/posts\/15439","targetHints":{"allow":["GET"]}}],"collection":[{"href":"https:\/\/www.fantasticaficcion.com\/index.php\/wp-json\/wp\/v2\/posts"}],"about":[{"href":"https:\/\/www.fantasticaficcion.com\/index.php\/wp-json\/wp\/v2\/types\/post"}],"author":[{"embeddable":true,"href":"https:\/\/www.fantasticaficcion.com\/index.php\/wp-json\/wp\/v2\/users\/1"}],"replies":[{"embeddable":true,"href":"https:\/\/www.fantasticaficcion.com\/index.php\/wp-json\/wp\/v2\/comments?post=15439"}],"version-history":[{"count":2,"href":"https:\/\/www.fantasticaficcion.com\/index.php\/wp-json\/wp\/v2\/posts\/15439\/revisions"}],"predecessor-version":[{"id":15442,"href":"https:\/\/www.fantasticaficcion.com\/index.php\/wp-json\/wp\/v2\/posts\/15439\/revisions\/15442"}],"wp:featuredmedia":[{"embeddable":true,"href":"https:\/\/www.fantasticaficcion.com\/index.php\/wp-json\/wp\/v2\/media\/12540"}],"wp:attachment":[{"href":"https:\/\/www.fantasticaficcion.com\/index.php\/wp-json\/wp\/v2\/media?parent=15439"}],"wp:term":[{"taxonomy":"category","embeddable":true,"href":"https:\/\/www.fantasticaficcion.com\/index.php\/wp-json\/wp\/v2\/categories?post=15439"},{"taxonomy":"post_tag","embeddable":true,"href":"https:\/\/www.fantasticaficcion.com\/index.php\/wp-json\/wp\/v2\/tags?post=15439"}],"curies":[{"name":"wp","href":"https:\/\/api.w.org\/{rel}","templated":true}]}}