{"id":15149,"date":"2024-07-09T05:30:00","date_gmt":"2024-07-09T05:30:00","guid":{"rendered":"https:\/\/www.fantasticaficcion.com\/?p=15149"},"modified":"2024-06-21T11:04:10","modified_gmt":"2024-06-21T11:04:10","slug":"cubierta-de-the-longest-autumn","status":"publish","type":"post","link":"https:\/\/www.fantasticaficcion.com\/index.php\/cubierta-de-the-longest-autumn\/","title":{"rendered":"Cubierta de The Longest Autumn"},"content":{"rendered":"\n<p>Solaris ha anunciado c\u00f3mo ser\u00e1 la cubierta de <strong><em><a href=\"https:\/\/x.com\/Solarisbooks\/status\/1803809809436725403\">The Longest Autumn<\/a><\/em><\/strong>, de Amy Avery, con fecha de publicaci\u00f3n 25 de enero. <\/p>\n\n\n\n<p>El arte es de Tim Beeren con dise\u00f1o de Sam Gretton:<\/p>\n\n\n\n<figure class=\"wp-block-image size-full\"><a href=\"https:\/\/www.fantasticaficcion.com\/wp-content\/uploads\/2024\/06\/image-3.png\"><img loading=\"lazy\" decoding=\"async\" width=\"680\" height=\"680\" src=\"https:\/\/www.fantasticaficcion.com\/wp-content\/uploads\/2024\/06\/image-3.png\" alt=\"\" class=\"wp-image-15150\" srcset=\"https:\/\/www.fantasticaficcion.com\/wp-content\/uploads\/2024\/06\/image-3.png 680w, https:\/\/www.fantasticaficcion.com\/wp-content\/uploads\/2024\/06\/image-3-300x300.png 300w, https:\/\/www.fantasticaficcion.com\/wp-content\/uploads\/2024\/06\/image-3-150x150.png 150w, https:\/\/www.fantasticaficcion.com\/wp-content\/uploads\/2024\/06\/image-3-100x100.png 100w\" sizes=\"auto, (max-width: 680px) 100vw, 680px\" \/><\/a><\/figure>\n","protected":false},"excerpt":{"rendered":"<p>Solaris ha anunciado c\u00f3mo ser\u00e1 la cubierta de The Longest Autumn, de Amy Avery, con fecha de publicaci\u00f3n 25 de enero. El arte es de Tim Beeren con dise\u00f1o de Sam Gretton:<\/p>\n","protected":false},"author":1,"featured_media":15150,"comment_status":"open","ping_status":"open","sticky":false,"template":"","format":"standard","meta":{"jetpack_post_was_ever_published":false,"_jetpack_newsletter_access":"","_jetpack_dont_email_post_to_subs":false,"_jetpack_newsletter_tier_id":0,"_jetpack_memberships_contains_paywalled_content":false,"_jetpack_memberships_contains_paid_content":false,"footnotes":""},"categories":[5],"tags":[1711,1448,664,9,190,1347],"class_list":["post-15149","post","type-post","status-publish","format-standard","has-post-thumbnail","hentry","category-fantasia","tag-amy-avery","tag-cubiertas","tag-fantasia","tag-libros-en-ingles","tag-noticias","tag-rebellion"],"jetpack_featured_media_url":"https:\/\/www.fantasticaficcion.com\/wp-content\/uploads\/2024\/06\/image-3.png","jetpack_shortlink":"https:\/\/wp.me\/p5fEpk-3Wl","jetpack_sharing_enabled":true,"_links":{"self":[{"href":"https:\/\/www.fantasticaficcion.com\/index.php\/wp-json\/wp\/v2\/posts\/15149","targetHints":{"allow":["GET"]}}],"collection":[{"href":"https:\/\/www.fantasticaficcion.com\/index.php\/wp-json\/wp\/v2\/posts"}],"about":[{"href":"https:\/\/www.fantasticaficcion.com\/index.php\/wp-json\/wp\/v2\/types\/post"}],"author":[{"embeddable":true,"href":"https:\/\/www.fantasticaficcion.com\/index.php\/wp-json\/wp\/v2\/users\/1"}],"replies":[{"embeddable":true,"href":"https:\/\/www.fantasticaficcion.com\/index.php\/wp-json\/wp\/v2\/comments?post=15149"}],"version-history":[{"count":1,"href":"https:\/\/www.fantasticaficcion.com\/index.php\/wp-json\/wp\/v2\/posts\/15149\/revisions"}],"predecessor-version":[{"id":15151,"href":"https:\/\/www.fantasticaficcion.com\/index.php\/wp-json\/wp\/v2\/posts\/15149\/revisions\/15151"}],"wp:featuredmedia":[{"embeddable":true,"href":"https:\/\/www.fantasticaficcion.com\/index.php\/wp-json\/wp\/v2\/media\/15150"}],"wp:attachment":[{"href":"https:\/\/www.fantasticaficcion.com\/index.php\/wp-json\/wp\/v2\/media?parent=15149"}],"wp:term":[{"taxonomy":"category","embeddable":true,"href":"https:\/\/www.fantasticaficcion.com\/index.php\/wp-json\/wp\/v2\/categories?post=15149"},{"taxonomy":"post_tag","embeddable":true,"href":"https:\/\/www.fantasticaficcion.com\/index.php\/wp-json\/wp\/v2\/tags?post=15149"}],"curies":[{"name":"wp","href":"https:\/\/api.w.org\/{rel}","templated":true}]}}