{"id":15131,"date":"2024-06-20T05:30:00","date_gmt":"2024-06-20T05:30:00","guid":{"rendered":"https:\/\/www.fantasticaficcion.com\/?p=15131"},"modified":"2024-06-20T06:32:33","modified_gmt":"2024-06-20T06:32:33","slug":"entre-dos-fuegos","status":"publish","type":"post","link":"https:\/\/www.fantasticaficcion.com\/index.php\/entre-dos-fuegos\/","title":{"rendered":"Entre dos fuegos"},"content":{"rendered":"\n<p>La historia sobre c\u00f3mo acab\u00e9 leyendo este libro de terror medieval es muy curiosa, tanto por ser un proyecto muy personal del autor, que ha contratado directamente los servicios del traductor para luego autopublicarlo, como por las peripecias con el libro en s\u00ed. A priori, aunque me gusta Buehlman como escritor, el terror no es un g\u00e9nero que me atraiga mucho, por lo que <strong><em>Entre dos fuegos<\/em><\/strong> estaba bastante bajo en mi lista de prioridades. Pero luego pens\u00e9 que tras el esfuerzo que ha hecho \u00e9l por ofrecernos su obra a los lectores espa\u00f1oles, no ser\u00eda justo darle de lado por mis prejuicios. As\u00ed que le di una oportunidad y me alegro much\u00edsimo de haber encontrado una novela terror\u00edfica s\u00ed, pero tambi\u00e9n con una dulzura y un mensaje que cala hondo.<\/p>\n\n\n<div class=\"wp-block-image\">\n<figure class=\"alignright size-full\"><a href=\"https:\/\/www.fantasticaficcion.com\/wp-content\/uploads\/2024\/06\/entredosfuegos.jpg\"><img loading=\"lazy\" decoding=\"async\" width=\"334\" height=\"500\" src=\"https:\/\/www.fantasticaficcion.com\/wp-content\/uploads\/2024\/06\/entredosfuegos.jpg\" alt=\"\" class=\"wp-image-15133\" srcset=\"https:\/\/www.fantasticaficcion.com\/wp-content\/uploads\/2024\/06\/entredosfuegos.jpg 334w, https:\/\/www.fantasticaficcion.com\/wp-content\/uploads\/2024\/06\/entredosfuegos-200x300.jpg 200w\" sizes=\"auto, (max-width: 334px) 100vw, 334px\" \/><\/a><\/figure>\n<\/div>\n\n\n<p><strong><em>Entre dos fuegos<\/em><\/strong> tiene reminiscencias de Umberto Eco y Peter Berling, con esa ambientaci\u00f3n medieval en la que la supervivencia es el primer objetivo, con mapas plagados de <em>hic sunt dracones<\/em> que se pueden acabar volviendo terriblemente reales, con una estructura social tan anquilosada como jerarquizada, donde quiz\u00e1 el peor enemigo sea el vecino conocido y no el monstruo al que temes. En este ambiente opresivo, con el a\u00f1adido de la plaga que mata sin ton ni son ni piedad alguna, los protagonistas del libro emprender\u00e1n un viaje cuyas consecuencias pesar\u00e1n en la historia de la humanidad.<\/p>\n\n\n\n<p>Los personajes son falibles por su propia condici\u00f3n de seres humanos, pero seremos testigos de c\u00f3mo se van desarrollando sus relaciones, desde el encuentro fortuito entre un caballero reconvertido en salteador de caminos y una hu\u00e9rfana tremendamente inocente, tras el que emprenden un viaje aterrador bajo en acecho constante de las fuerzas del mal. Y es que en esta fantas\u00eda medievalista es de tanta importancia la religi\u00f3n que seremos testigos de la lucha encarnizada entre el bien y el mal en estado puro. Y ese Dios al que todos dirigen sus plegarias parece haber olvidado a la humanidad.<\/p>\n\n\n\n<p>El libro tambi\u00e9n recuerda en ciertos momentos a la historia de Juana de Arco, tanto en el aspecto emocional como en la utilizaci\u00f3n de una figura como representaci\u00f3n de la esperanza frente a la adversidad. Pese a todo Christopher no recorre ese camino ya conocido, desarrollando la mayor parte de la historia de manera m\u00e1s personal, con menor intervenci\u00f3n de los poderes f\u00e1cticos de la \u00e9poca. Estos aparecer\u00e1n m\u00e1s tarde, pero no juegan un papel tan representativo como los plebeyos y la clase baja, que nos dar\u00e1n lecciones de c\u00f3mo pueden ser capaces de lo mejor y lo peor.<\/p>\n\n\n\n<p>El desfile de monstruos horrorosos a los que har\u00e1n frente los protagonistas har\u00eda palidecer a los lectores de terror m\u00e1s avezados, pero, sinceramente, lo que m\u00e1s miedo da es lo veros\u00edmil que resulta el comportamiento humano ego\u00edsta y autocomplaciente de muchos de los personajes con los que se cruzan en su periplo. <\/p>\n\n\n\n<p>Estamos ante un libro capaz de hacer aflorar nuestras emociones, que no creo que deje impasible a casi ning\u00fan lector. Lo recomiendo encarecidamente.<\/p>\n\n\n\n<p>Me ha encantado la traducci\u00f3n de Manuel de los Reyes, con el uso de arca\u00edsmos que refuerzan a\u00fan m\u00e1s la ambientaci\u00f3n del libro, haciendo de una lectura que podr\u00eda ser complicada algo muy ameno y atractivo. Si quer\u00e9is saber m\u00e1s al respecto, os emplazo a ma\u00f1ana para leer una breve entrevista con el propio traductor sobre la labor desarrollada en este libro.<\/p>\n","protected":false},"excerpt":{"rendered":"<p>La historia sobre c\u00f3mo acab\u00e9 leyendo este libro de terror medieval es muy curiosa, tanto por ser un proyecto muy personal del autor, que ha contratado directamente los servicios del traductor para luego autopublicarlo, como por las peripecias con el libro en s\u00ed. A priori, aunque me gusta Buehlman como escritor, el terror no es &hellip; <\/p>\n<p class=\"link-more\"><a href=\"https:\/\/www.fantasticaficcion.com\/index.php\/entre-dos-fuegos\/\" class=\"more-link\">Continuar leyendo<span class=\"screen-reader-text\"> &#8220;Entre dos fuegos&#8221;<\/span><\/a><\/p>\n","protected":false},"author":1,"featured_media":0,"comment_status":"open","ping_status":"open","sticky":false,"template":"","format":"standard","meta":{"jetpack_post_was_ever_published":false,"_jetpack_newsletter_access":"","_jetpack_dont_email_post_to_subs":false,"_jetpack_newsletter_tier_id":0,"_jetpack_memberships_contains_paywalled_content":false,"_jetpack_memberships_contains_paid_content":false,"footnotes":""},"categories":[1],"tags":[],"class_list":["post-15131","post","type-post","status-publish","format-standard","hentry","category-sin-categoria"],"jetpack_featured_media_url":"","jetpack_shortlink":"https:\/\/wp.me\/p5fEpk-3W3","jetpack_sharing_enabled":true,"_links":{"self":[{"href":"https:\/\/www.fantasticaficcion.com\/index.php\/wp-json\/wp\/v2\/posts\/15131","targetHints":{"allow":["GET"]}}],"collection":[{"href":"https:\/\/www.fantasticaficcion.com\/index.php\/wp-json\/wp\/v2\/posts"}],"about":[{"href":"https:\/\/www.fantasticaficcion.com\/index.php\/wp-json\/wp\/v2\/types\/post"}],"author":[{"embeddable":true,"href":"https:\/\/www.fantasticaficcion.com\/index.php\/wp-json\/wp\/v2\/users\/1"}],"replies":[{"embeddable":true,"href":"https:\/\/www.fantasticaficcion.com\/index.php\/wp-json\/wp\/v2\/comments?post=15131"}],"version-history":[{"count":3,"href":"https:\/\/www.fantasticaficcion.com\/index.php\/wp-json\/wp\/v2\/posts\/15131\/revisions"}],"predecessor-version":[{"id":15144,"href":"https:\/\/www.fantasticaficcion.com\/index.php\/wp-json\/wp\/v2\/posts\/15131\/revisions\/15144"}],"wp:attachment":[{"href":"https:\/\/www.fantasticaficcion.com\/index.php\/wp-json\/wp\/v2\/media?parent=15131"}],"wp:term":[{"taxonomy":"category","embeddable":true,"href":"https:\/\/www.fantasticaficcion.com\/index.php\/wp-json\/wp\/v2\/categories?post=15131"},{"taxonomy":"post_tag","embeddable":true,"href":"https:\/\/www.fantasticaficcion.com\/index.php\/wp-json\/wp\/v2\/tags?post=15131"}],"curies":[{"name":"wp","href":"https:\/\/api.w.org\/{rel}","templated":true}]}}