{"id":14996,"date":"2024-05-15T05:30:00","date_gmt":"2024-05-15T05:30:00","guid":{"rendered":"https:\/\/www.fantasticaficcion.com\/?p=14996"},"modified":"2024-05-07T08:57:56","modified_gmt":"2024-05-07T08:57:56","slug":"cubierta-de-fears-tales-of-psychological-horror","status":"publish","type":"post","link":"https:\/\/www.fantasticaficcion.com\/index.php\/cubierta-de-fears-tales-of-psychological-horror\/","title":{"rendered":"Cubierta de Fears: Tales of Psychological\u00a0Horror"},"content":{"rendered":"\n<p>Ellen Datlow no para nunca y ya ha anunciado su nuevo proyecto: <em><strong><a href=\"https:\/\/reactormag.com\/cover-reveal-fears-tales-of-psychological-horror-edited-by-ellen-datlow\/\">Fears: Tales of Psychological\u00a0Horror<\/a><\/strong><\/em>, una recopilaci\u00f3n de relatos de terror psicol\u00f3gico que publicar\u00e1 Tachyon el 10 de septiembre.<\/p>\n\n\n\n<p>Aqu\u00ed ten\u00e9is la cubierta:<\/p>\n\n\n\n<figure class=\"wp-block-image size-large\"><a href=\"https:\/\/www.fantasticaficcion.com\/wp-content\/uploads\/2024\/05\/Fears-Anthology-cover.jpg\"><img loading=\"lazy\" decoding=\"async\" width=\"683\" height=\"1024\" src=\"https:\/\/www.fantasticaficcion.com\/wp-content\/uploads\/2024\/05\/Fears-Anthology-cover-683x1024.jpg\" alt=\"\" class=\"wp-image-14997\" srcset=\"https:\/\/www.fantasticaficcion.com\/wp-content\/uploads\/2024\/05\/Fears-Anthology-cover-683x1024.jpg 683w, https:\/\/www.fantasticaficcion.com\/wp-content\/uploads\/2024\/05\/Fears-Anthology-cover-200x300.jpg 200w, https:\/\/www.fantasticaficcion.com\/wp-content\/uploads\/2024\/05\/Fears-Anthology-cover-768x1151.jpg 768w, https:\/\/www.fantasticaficcion.com\/wp-content\/uploads\/2024\/05\/Fears-Anthology-cover.jpg 1000w\" sizes=\"auto, (max-width: 683px) 100vw, 683px\" \/><\/a><\/figure>\n","protected":false},"excerpt":{"rendered":"<p>Ellen Datlow no para nunca y ya ha anunciado su nuevo proyecto: Fears: Tales of Psychological\u00a0Horror, una recopilaci\u00f3n de relatos de terror psicol\u00f3gico que publicar\u00e1 Tachyon el 10 de septiembre. Aqu\u00ed ten\u00e9is la cubierta:<\/p>\n","protected":false},"author":1,"featured_media":14997,"comment_status":"open","ping_status":"open","sticky":false,"template":"","format":"standard","meta":{"jetpack_post_was_ever_published":false,"_jetpack_newsletter_access":"","_jetpack_dont_email_post_to_subs":false,"_jetpack_newsletter_tier_id":0,"_jetpack_memberships_contains_paywalled_content":false,"_jetpack_memberships_contains_paid_content":false,"footnotes":""},"categories":[830],"tags":[1448,9,190,918],"class_list":["post-14996","post","type-post","status-publish","format-standard","has-post-thumbnail","hentry","category-artistas","tag-cubiertas","tag-libros-en-ingles","tag-noticias","tag-terror"],"jetpack_featured_media_url":"https:\/\/www.fantasticaficcion.com\/wp-content\/uploads\/2024\/05\/Fears-Anthology-cover.jpg","jetpack_shortlink":"https:\/\/wp.me\/p5fEpk-3TS","jetpack_sharing_enabled":true,"_links":{"self":[{"href":"https:\/\/www.fantasticaficcion.com\/index.php\/wp-json\/wp\/v2\/posts\/14996","targetHints":{"allow":["GET"]}}],"collection":[{"href":"https:\/\/www.fantasticaficcion.com\/index.php\/wp-json\/wp\/v2\/posts"}],"about":[{"href":"https:\/\/www.fantasticaficcion.com\/index.php\/wp-json\/wp\/v2\/types\/post"}],"author":[{"embeddable":true,"href":"https:\/\/www.fantasticaficcion.com\/index.php\/wp-json\/wp\/v2\/users\/1"}],"replies":[{"embeddable":true,"href":"https:\/\/www.fantasticaficcion.com\/index.php\/wp-json\/wp\/v2\/comments?post=14996"}],"version-history":[{"count":1,"href":"https:\/\/www.fantasticaficcion.com\/index.php\/wp-json\/wp\/v2\/posts\/14996\/revisions"}],"predecessor-version":[{"id":14998,"href":"https:\/\/www.fantasticaficcion.com\/index.php\/wp-json\/wp\/v2\/posts\/14996\/revisions\/14998"}],"wp:featuredmedia":[{"embeddable":true,"href":"https:\/\/www.fantasticaficcion.com\/index.php\/wp-json\/wp\/v2\/media\/14997"}],"wp:attachment":[{"href":"https:\/\/www.fantasticaficcion.com\/index.php\/wp-json\/wp\/v2\/media?parent=14996"}],"wp:term":[{"taxonomy":"category","embeddable":true,"href":"https:\/\/www.fantasticaficcion.com\/index.php\/wp-json\/wp\/v2\/categories?post=14996"},{"taxonomy":"post_tag","embeddable":true,"href":"https:\/\/www.fantasticaficcion.com\/index.php\/wp-json\/wp\/v2\/tags?post=14996"}],"curies":[{"name":"wp","href":"https:\/\/api.w.org\/{rel}","templated":true}]}}