{"id":1492,"date":"2013-09-23T05:52:35","date_gmt":"2013-09-23T05:52:35","guid":{"rendered":"http:\/\/www.fantasticaficcion.com\/?p=1492"},"modified":"2013-09-23T05:52:35","modified_gmt":"2013-09-23T05:52:35","slug":"ww2-2-operacion-felix","status":"publish","type":"post","link":"https:\/\/www.fantasticaficcion.com\/index.php\/ww2-2-operacion-felix\/","title":{"rendered":"WW2.2 Operaci\u00f3n F\u00e9lix"},"content":{"rendered":"<p style=\"text-align: justify;\"><a href=\"https:\/\/www.fantasticaficcion.com\/wp-content\/uploads\/2013\/09\/operacionfelix.jpg\"><img loading=\"lazy\" decoding=\"async\" class=\"alignright  wp-image-1493\" alt=\"operacionfelix\" src=\"https:\/\/www.fantasticaficcion.com\/wp-content\/uploads\/2013\/09\/operacionfelix.jpg\" width=\"280\" height=\"366\" srcset=\"https:\/\/www.fantasticaficcion.com\/wp-content\/uploads\/2013\/09\/operacionfelix.jpg 400w, https:\/\/www.fantasticaficcion.com\/wp-content\/uploads\/2013\/09\/operacionfelix-229x300.jpg 229w\" sizes=\"auto, (max-width: 280px) 100vw, 280px\" \/><\/a>Despu\u00e9s de la decepci\u00f3n que supuso<a title=\"WW2.2 La batalla de Par\u00eds\" href=\"https:\/\/www.fantasticaficcion.com\/index.php\/ww2-2-la-batalla-de-paris\/\"> la primera entrega <\/a>de la serie <strong>WW2.2<\/strong> empec\u00e9 la lectura de este tebeo con menos expectativas, pero gracias al cambio de equipo creativo este segundo n\u00famero me ha parecido mucho mejor.<\/p>\n<p style=\"text-align: justify;\">Siguiendo la historia desde el punto de inflexi\u00f3n marcado por la muerte de Hitler antes de la Segunda Guerra Mundial, en este caso Alemania decide llevar a cabo la llamada <strong>Operaci\u00f3n F\u00e9lix,<\/strong> para conquistar el Pe\u00f1\u00f3n de Gibraltar y de este modo impedir que la flota brit\u00e1nica controle el estrecho. En nuestra realidad, nunca se alcanz\u00f3 un acuerdo entre Espa\u00f1a y Alemania, con lo que nuestro pa\u00eds fue neutral durante todo el conflicto, pero en este ucron\u00eda los alemanes reciben incluso el apoyo de la Legi\u00f3n para esta empresa.<\/p>\n<p style=\"text-align: justify;\">Es curioso ver un tema de candente actualidad como es la situaci\u00f3n del Pe\u00f1\u00f3n tratado desde una perspectiva hist\u00f3ricoficticia.<\/p>\n<p style=\"text-align: justify;\">El dibujo, aunque atrayente, quiz\u00e1 no sea el m\u00e1s adecuado para lo que se quiere narrar, porque los trazos rectos de <a title=\"Marcial Toledano\" href=\"http:\/\/guiadelcomic.es\/t\/marcial-toledano.htm\" target=\"_blank\"><strong>Marcial Toledano<\/strong> <\/a>dan un aire poco serio a la historia. Es de aplaudir la labor de documentaci\u00f3n y la minuciosidad en cada detalle de la indumentaria de las tropas, que destaca el gran trabajo de b\u00fasqueda de informaci\u00f3n que sin duda ha llevado a cabo el dibujante. Me gustan tambi\u00e9n las escenas en los t\u00faneles de Gibraltar, donde se consigue transmitir una sensacion claustrof\u00f3bica muy acorde con la narraci\u00f3n.<\/p>\n<p style=\"text-align: justify;\">En el gui\u00f3n, <a title=\"Jos\u00e9 Manuel Robledo\" href=\"http:\/\/www.monitocadaver.com\/robledo\/\" target=\"_blank\"><strong>Jos\u00e9 Manuel Robledo<\/strong><\/a> utiliza constantes trampas dentro de trampas haciendo que en algunos momentos se pierda el hilo de la historia. Es de todos conocida la existencia de luchas internas entre los cuerpos de \u00e9lite de los nazis y quiz\u00e1 no hac\u00eda falta ahondar tanto en estos enfrentamientos. La idea es interesante y el hecho de que el legionario espa\u00f1ol hable alem\u00e1n y sea un antiguo sacerdote da mucho juego en su relaci\u00f3n con el enlace nazi.<\/p>\n<p style=\"text-align: justify;\">En definitiva, este Operaci\u00f3n F\u00e9lix me ha reconciliado con la serie, y espero en fechas pr\u00f3ximas seguir comentando los siguientes tebeos. El n\u00famero tres, titulado <strong>Secret Service<\/strong>, me llama mucho la atenci\u00f3n.<\/p>\n","protected":false},"excerpt":{"rendered":"<p>Despu\u00e9s de la decepci\u00f3n que supuso la primera entrega de la serie WW2.2 empec\u00e9 la lectura de este tebeo con menos expectativas, pero gracias al cambio de equipo creativo este segundo n\u00famero me ha parecido mucho mejor. Siguiendo la historia desde el punto de inflexi\u00f3n marcado por la muerte de Hitler antes de la Segunda &hellip; <\/p>\n<p class=\"link-more\"><a href=\"https:\/\/www.fantasticaficcion.com\/index.php\/ww2-2-operacion-felix\/\" class=\"more-link\">Continuar leyendo<span class=\"screen-reader-text\"> &#8220;WW2.2 Operaci\u00f3n F\u00e9lix&#8221;<\/span><\/a><\/p>\n","protected":false},"author":1,"featured_media":0,"comment_status":"open","ping_status":"open","sticky":false,"template":"","format":"standard","meta":{"jetpack_post_was_ever_published":false,"_jetpack_newsletter_access":"","_jetpack_dont_email_post_to_subs":false,"_jetpack_newsletter_tier_id":0,"_jetpack_memberships_contains_paywalled_content":false,"_jetpack_memberships_contains_paid_content":false,"footnotes":""},"categories":[62],"tags":[668,160,14,161,8],"class_list":["post-1492","post","type-post","status-publish","format-standard","hentry","category-comic","tag-comic","tag-jose-manuel-robledo","tag-libros-en-espanol","tag-marcial-toledano","tag-resenas"],"jetpack_featured_media_url":"","jetpack_shortlink":"https:\/\/wp.me\/p5fEpk-o4","jetpack_sharing_enabled":true,"_links":{"self":[{"href":"https:\/\/www.fantasticaficcion.com\/index.php\/wp-json\/wp\/v2\/posts\/1492","targetHints":{"allow":["GET"]}}],"collection":[{"href":"https:\/\/www.fantasticaficcion.com\/index.php\/wp-json\/wp\/v2\/posts"}],"about":[{"href":"https:\/\/www.fantasticaficcion.com\/index.php\/wp-json\/wp\/v2\/types\/post"}],"author":[{"embeddable":true,"href":"https:\/\/www.fantasticaficcion.com\/index.php\/wp-json\/wp\/v2\/users\/1"}],"replies":[{"embeddable":true,"href":"https:\/\/www.fantasticaficcion.com\/index.php\/wp-json\/wp\/v2\/comments?post=1492"}],"version-history":[{"count":1,"href":"https:\/\/www.fantasticaficcion.com\/index.php\/wp-json\/wp\/v2\/posts\/1492\/revisions"}],"predecessor-version":[{"id":1494,"href":"https:\/\/www.fantasticaficcion.com\/index.php\/wp-json\/wp\/v2\/posts\/1492\/revisions\/1494"}],"wp:attachment":[{"href":"https:\/\/www.fantasticaficcion.com\/index.php\/wp-json\/wp\/v2\/media?parent=1492"}],"wp:term":[{"taxonomy":"category","embeddable":true,"href":"https:\/\/www.fantasticaficcion.com\/index.php\/wp-json\/wp\/v2\/categories?post=1492"},{"taxonomy":"post_tag","embeddable":true,"href":"https:\/\/www.fantasticaficcion.com\/index.php\/wp-json\/wp\/v2\/tags?post=1492"}],"curies":[{"name":"wp","href":"https:\/\/api.w.org\/{rel}","templated":true}]}}