{"id":14846,"date":"2024-03-15T05:30:00","date_gmt":"2024-03-15T05:30:00","guid":{"rendered":"https:\/\/www.fantasticaficcion.com\/?p=14846"},"modified":"2024-02-27T16:00:09","modified_gmt":"2024-02-27T16:00:09","slug":"cubierta-de-into-the-rift","status":"publish","type":"post","link":"https:\/\/www.fantasticaficcion.com\/index.php\/cubierta-de-into-the-rift\/","title":{"rendered":"Cubierta de Into the Rift"},"content":{"rendered":"\n<p>El 2 de julio llegar\u00e1 a las librer\u00edas <strong><em><a href=\"https:\/\/www.grimdarkmagazine.com\/exclusive-cover-reveal-for-clay-harmons-into-the-rift\/\">Into the Rift<\/a><\/em><\/strong>, la esperada continuaci\u00f3n de <strong><em>Flames of Mira<\/em><\/strong> de Clay Harmon.<\/p>\n\n\n\n<p>Esta es la sinopsis de la nueva novela:<\/p>\n\n\n\n<blockquote class=\"wp-block-quote is-layout-flow wp-block-quote-is-layout-flow\">\n<p>After defeating the mercenary army that threatened his home, Jakar sets out with Efadora \u2013 the only person left with the power to bind him \u2013 across the Rift. He hunts the cultists who enslaved him, intent on ending their trade in elemental children, but he remembers little beyond that his search begins in the legendary city of Sulian Daw.<\/p>\n\n\n\n<p>Back in Mira, the Foundry\u2019s rhidium \u2013 the rare mineral that grants them extraordinary power \u2013 has gone missing and is feared stolen by the rebellious faction that seeks to bring down the Sovereign. Ester, fledgling Smith of the Foundry, is tasked with tracking it down.<\/p>\n\n\n\n<p>If she fails, the Sovereign will rain death upon all those who oppose him, costing thousands of innocent lives.<\/p>\n<\/blockquote>\n\n\n\n<p>Mi traducci\u00f3n:<\/p>\n\n\n\n<blockquote class=\"wp-block-quote is-layout-flow wp-block-quote-is-layout-flow\">\n<p>Tras derrotar el ej\u00e9rcito mercenario que amenazaba su hogar, Jakar parte con Efadora (la \u00fanica persona a\u00fan con poder para controlarle) a trav\u00e9s del Rift. Caza a los cultistas que lo esclavizaron, en un intento de acabar con el comercial de ni\u00f1os elementales, pero recuerda poco m\u00e1s que comenzar la b\u00fasqueda en la legendaria ciudad de Sulian Daw.<\/p>\n\n\n\n<p>De vuelta en Mira, el rhidium de la Forja, ese extra\u00f1o mineral que da extraordinarios poderes, ha desparecido y se cree robado por la facci\u00f3n rebelde que busca derrocar al Soberano. Ester, la novata herrera de la Forja, deber\u00e1 recuperarlo. <\/p>\n\n\n\n<p>Si falla, el Soberano har\u00e1 llover muerte sobre los que se le oponen, acabando con miles de vidas inocentes.<\/p>\n<\/blockquote>\n\n\n\n<p>Esta es la cubierta de Larry Rostant:<\/p>\n\n\n\n<figure class=\"wp-block-image size-full\"><a href=\"https:\/\/www.fantasticaficcion.com\/wp-content\/uploads\/2024\/02\/Into-the-Riff-Cover-reveal-665x1024-1.webp\"><img loading=\"lazy\" decoding=\"async\" width=\"665\" height=\"1024\" src=\"https:\/\/www.fantasticaficcion.com\/wp-content\/uploads\/2024\/02\/Into-the-Riff-Cover-reveal-665x1024-1.webp\" alt=\"\" class=\"wp-image-14847\" srcset=\"https:\/\/www.fantasticaficcion.com\/wp-content\/uploads\/2024\/02\/Into-the-Riff-Cover-reveal-665x1024-1.webp 665w, https:\/\/www.fantasticaficcion.com\/wp-content\/uploads\/2024\/02\/Into-the-Riff-Cover-reveal-665x1024-1-195x300.webp 195w\" sizes=\"auto, (max-width: 665px) 100vw, 665px\" \/><\/a><\/figure>\n","protected":false},"excerpt":{"rendered":"<p>El 2 de julio llegar\u00e1 a las librer\u00edas Into the Rift, la esperada continuaci\u00f3n de Flames of Mira de Clay Harmon. Esta es la sinopsis de la nueva novela: After defeating the mercenary army that threatened his home, Jakar sets out with Efadora \u2013 the only person left with the power to bind him \u2013 &hellip; <\/p>\n<p class=\"link-more\"><a href=\"https:\/\/www.fantasticaficcion.com\/index.php\/cubierta-de-into-the-rift\/\" class=\"more-link\">Continuar leyendo<span class=\"screen-reader-text\"> &#8220;Cubierta de Into the Rift&#8221;<\/span><\/a><\/p>\n","protected":false},"author":1,"featured_media":14847,"comment_status":"open","ping_status":"open","sticky":false,"template":"","format":"standard","meta":{"jetpack_post_was_ever_published":false,"_jetpack_newsletter_access":"","_jetpack_dont_email_post_to_subs":false,"_jetpack_newsletter_tier_id":0,"_jetpack_memberships_contains_paywalled_content":false,"_jetpack_memberships_contains_paid_content":false,"footnotes":""},"categories":[5],"tags":[1385,1448,664,9,190,1347],"class_list":["post-14846","post","type-post","status-publish","format-standard","has-post-thumbnail","hentry","category-fantasia","tag-clay-harmon","tag-cubiertas","tag-fantasia","tag-libros-en-ingles","tag-noticias","tag-rebellion"],"jetpack_featured_media_url":"https:\/\/www.fantasticaficcion.com\/wp-content\/uploads\/2024\/02\/Into-the-Riff-Cover-reveal-665x1024-1.webp","jetpack_shortlink":"https:\/\/wp.me\/p5fEpk-3Rs","jetpack_sharing_enabled":true,"_links":{"self":[{"href":"https:\/\/www.fantasticaficcion.com\/index.php\/wp-json\/wp\/v2\/posts\/14846","targetHints":{"allow":["GET"]}}],"collection":[{"href":"https:\/\/www.fantasticaficcion.com\/index.php\/wp-json\/wp\/v2\/posts"}],"about":[{"href":"https:\/\/www.fantasticaficcion.com\/index.php\/wp-json\/wp\/v2\/types\/post"}],"author":[{"embeddable":true,"href":"https:\/\/www.fantasticaficcion.com\/index.php\/wp-json\/wp\/v2\/users\/1"}],"replies":[{"embeddable":true,"href":"https:\/\/www.fantasticaficcion.com\/index.php\/wp-json\/wp\/v2\/comments?post=14846"}],"version-history":[{"count":1,"href":"https:\/\/www.fantasticaficcion.com\/index.php\/wp-json\/wp\/v2\/posts\/14846\/revisions"}],"predecessor-version":[{"id":14848,"href":"https:\/\/www.fantasticaficcion.com\/index.php\/wp-json\/wp\/v2\/posts\/14846\/revisions\/14848"}],"wp:featuredmedia":[{"embeddable":true,"href":"https:\/\/www.fantasticaficcion.com\/index.php\/wp-json\/wp\/v2\/media\/14847"}],"wp:attachment":[{"href":"https:\/\/www.fantasticaficcion.com\/index.php\/wp-json\/wp\/v2\/media?parent=14846"}],"wp:term":[{"taxonomy":"category","embeddable":true,"href":"https:\/\/www.fantasticaficcion.com\/index.php\/wp-json\/wp\/v2\/categories?post=14846"},{"taxonomy":"post_tag","embeddable":true,"href":"https:\/\/www.fantasticaficcion.com\/index.php\/wp-json\/wp\/v2\/tags?post=14846"}],"curies":[{"name":"wp","href":"https:\/\/api.w.org\/{rel}","templated":true}]}}