{"id":14669,"date":"2024-01-17T05:30:00","date_gmt":"2024-01-17T05:30:00","guid":{"rendered":"https:\/\/www.fantasticaficcion.com\/?p=14669"},"modified":"2023-12-18T10:23:26","modified_gmt":"2023-12-18T10:23:26","slug":"cubierta-de-the-republic-of-salt","status":"publish","type":"post","link":"https:\/\/www.fantasticaficcion.com\/index.php\/cubierta-de-the-republic-of-salt\/","title":{"rendered":"Cubierta de The Republic of Salt"},"content":{"rendered":"\n<p>Se ha desvelado cu\u00e1l ser\u00e1 la cubierta de <strong><em><a href=\"https:\/\/twitter.com\/micaelaalcaino\/status\/1734222720672375103\">The Republic of Salt<\/a><\/em><\/strong>, la segunda entrega de la saga que Ariel Kaplan comenz\u00f3 con <strong><em>The Pomegranate Gate<\/em><\/strong>.<\/p>\n\n\n\n<p>La cubierta es de Micaela Alcaino:<\/p>\n\n\n\n<figure class=\"wp-block-image size-full\"><a href=\"https:\/\/www.fantasticaficcion.com\/wp-content\/uploads\/2023\/12\/therepublicofsalt.jpg\"><img loading=\"lazy\" decoding=\"async\" width=\"680\" height=\"680\" src=\"https:\/\/www.fantasticaficcion.com\/wp-content\/uploads\/2023\/12\/therepublicofsalt.jpg\" alt=\"\" class=\"wp-image-14670\" srcset=\"https:\/\/www.fantasticaficcion.com\/wp-content\/uploads\/2023\/12\/therepublicofsalt.jpg 680w, https:\/\/www.fantasticaficcion.com\/wp-content\/uploads\/2023\/12\/therepublicofsalt-300x300.jpg 300w, https:\/\/www.fantasticaficcion.com\/wp-content\/uploads\/2023\/12\/therepublicofsalt-150x150.jpg 150w, https:\/\/www.fantasticaficcion.com\/wp-content\/uploads\/2023\/12\/therepublicofsalt-100x100.jpg 100w\" sizes=\"auto, (max-width: 680px) 100vw, 680px\" \/><\/a><\/figure>\n","protected":false},"excerpt":{"rendered":"<p>Se ha desvelado cu\u00e1l ser\u00e1 la cubierta de The Republic of Salt, la segunda entrega de la saga que Ariel Kaplan comenz\u00f3 con The Pomegranate Gate. La cubierta es de Micaela Alcaino:<\/p>\n","protected":false},"author":1,"featured_media":14670,"comment_status":"open","ping_status":"open","sticky":false,"template":"","format":"standard","meta":{"jetpack_post_was_ever_published":false,"_jetpack_newsletter_access":"","_jetpack_dont_email_post_to_subs":false,"_jetpack_newsletter_tier_id":0,"_jetpack_memberships_contains_paywalled_content":false,"_jetpack_memberships_contains_paid_content":false,"footnotes":""},"categories":[830,5],"tags":[1489,1448,664,9,190],"class_list":["post-14669","post","type-post","status-publish","format-standard","has-post-thumbnail","hentry","category-artistas","category-fantasia","tag-ariel-kaplan","tag-cubiertas","tag-fantasia","tag-libros-en-ingles","tag-noticias"],"jetpack_featured_media_url":"https:\/\/www.fantasticaficcion.com\/wp-content\/uploads\/2023\/12\/therepublicofsalt.jpg","jetpack_shortlink":"https:\/\/wp.me\/p5fEpk-3OB","jetpack_sharing_enabled":true,"_links":{"self":[{"href":"https:\/\/www.fantasticaficcion.com\/index.php\/wp-json\/wp\/v2\/posts\/14669","targetHints":{"allow":["GET"]}}],"collection":[{"href":"https:\/\/www.fantasticaficcion.com\/index.php\/wp-json\/wp\/v2\/posts"}],"about":[{"href":"https:\/\/www.fantasticaficcion.com\/index.php\/wp-json\/wp\/v2\/types\/post"}],"author":[{"embeddable":true,"href":"https:\/\/www.fantasticaficcion.com\/index.php\/wp-json\/wp\/v2\/users\/1"}],"replies":[{"embeddable":true,"href":"https:\/\/www.fantasticaficcion.com\/index.php\/wp-json\/wp\/v2\/comments?post=14669"}],"version-history":[{"count":1,"href":"https:\/\/www.fantasticaficcion.com\/index.php\/wp-json\/wp\/v2\/posts\/14669\/revisions"}],"predecessor-version":[{"id":14671,"href":"https:\/\/www.fantasticaficcion.com\/index.php\/wp-json\/wp\/v2\/posts\/14669\/revisions\/14671"}],"wp:featuredmedia":[{"embeddable":true,"href":"https:\/\/www.fantasticaficcion.com\/index.php\/wp-json\/wp\/v2\/media\/14670"}],"wp:attachment":[{"href":"https:\/\/www.fantasticaficcion.com\/index.php\/wp-json\/wp\/v2\/media?parent=14669"}],"wp:term":[{"taxonomy":"category","embeddable":true,"href":"https:\/\/www.fantasticaficcion.com\/index.php\/wp-json\/wp\/v2\/categories?post=14669"},{"taxonomy":"post_tag","embeddable":true,"href":"https:\/\/www.fantasticaficcion.com\/index.php\/wp-json\/wp\/v2\/tags?post=14669"}],"curies":[{"name":"wp","href":"https:\/\/api.w.org\/{rel}","templated":true}]}}