{"id":14664,"date":"2024-01-12T05:30:00","date_gmt":"2024-01-12T05:30:00","guid":{"rendered":"https:\/\/www.fantasticaficcion.com\/?p=14664"},"modified":"2023-12-18T10:10:05","modified_gmt":"2023-12-18T10:10:05","slug":"cubierta-de-the-fire-within-them","status":"publish","type":"post","link":"https:\/\/www.fantasticaficcion.com\/index.php\/cubierta-de-the-fire-within-them\/","title":{"rendered":"Cubierta de The Fire Within Them"},"content":{"rendered":"\n<p>Ya sabemos c\u00f3mo ser\u00e1 la cubierta de <strong><em><a href=\"https:\/\/fantasy-hive.co.uk\/2023\/12\/the-fire-within-them-by-matthew-ward-cover-reveal\/\">The Fire Within Them<\/a><\/em><\/strong>, la nueva entrega de la saga que comenz\u00f3 con <em><strong>The Darkness Before Them<\/strong><\/em> y que se publicar\u00e1 el 13 de junio.<\/p>\n\n\n\n<p>Esta es la sinopsis:<\/p>\n\n\n\n<blockquote class=\"wp-block-quote is-layout-flow wp-block-quote-is-layout-flow\">\n<p>The sprawling Kingdom of Khalad stands alone. Severed from the rest of the world by an ancient, arcane war, its citizens toil behind a wall of living mist, beholden to an undead king and his ruthless barons.<\/p>\n\n\n\n<p>Yet hope lies with two figures: Kat, an accomplished thief, and Vallant, a rebel and folk hero. Together they could light a fire that will burn away the corruption and tyranny of King Diar\u2019s rule.<\/p>\n\n\n\n<p>But only if they can put aside their differences and work together.<\/p>\n<\/blockquote>\n\n\n\n<p>Mi traducci\u00f3n:<\/p>\n\n\n\n<blockquote class=\"wp-block-quote is-layout-flow wp-block-quote-is-layout-flow\">\n<p>El expansivo Reino de Khalad est\u00e1 solo. Separado del resto del mundo por una guerra ancestral y arcana, sus ciudadanos viven tras un muro de niebla viviente, sometidos a un rey no muerto y a sus despiadados barones.<\/p>\n\n\n\n<p>Pero la esperanza todav\u00eda vive en dos figuras: Kat, una ladrona experimentada y Vallant un rebelde y h\u00e9roe de leyenda. Juntos podr\u00e1 crear una llama que queme la corrupci\u00f3n y la tiran\u00eda del reinado de Diar.<\/p>\n\n\n\n<p>Pero solo si son capaces de dejar a un lado sus diferencias y trabajar juntos.<\/p>\n<\/blockquote>\n\n\n\n<p>Esta es la cubierta con dise\u00f1o de Charlotte Stroomer y arte de Joe Wilson:<\/p>\n\n\n\n<figure class=\"wp-block-image size-large\"><a href=\"https:\/\/www.fantasticaficcion.com\/wp-content\/uploads\/2023\/12\/TheFireWithinThem-768x1207-1.jpg\"><img loading=\"lazy\" decoding=\"async\" width=\"652\" height=\"1024\" src=\"https:\/\/www.fantasticaficcion.com\/wp-content\/uploads\/2023\/12\/TheFireWithinThem-768x1207-1-652x1024.jpg\" alt=\"\" class=\"wp-image-14665\" srcset=\"https:\/\/www.fantasticaficcion.com\/wp-content\/uploads\/2023\/12\/TheFireWithinThem-768x1207-1-652x1024.jpg 652w, https:\/\/www.fantasticaficcion.com\/wp-content\/uploads\/2023\/12\/TheFireWithinThem-768x1207-1-191x300.jpg 191w, https:\/\/www.fantasticaficcion.com\/wp-content\/uploads\/2023\/12\/TheFireWithinThem-768x1207-1.jpg 768w\" sizes=\"auto, (max-width: 652px) 100vw, 652px\" \/><\/a><\/figure>\n","protected":false},"excerpt":{"rendered":"<p>Ya sabemos c\u00f3mo ser\u00e1 la cubierta de The Fire Within Them, la nueva entrega de la saga que comenz\u00f3 con The Darkness Before Them y que se publicar\u00e1 el 13 de junio. Esta es la sinopsis: The sprawling Kingdom of Khalad stands alone. Severed from the rest of the world by an ancient, arcane war, &hellip; <\/p>\n<p class=\"link-more\"><a href=\"https:\/\/www.fantasticaficcion.com\/index.php\/cubierta-de-the-fire-within-them\/\" class=\"more-link\">Continuar leyendo<span class=\"screen-reader-text\"> &#8220;Cubierta de The Fire Within Them&#8221;<\/span><\/a><\/p>\n","protected":false},"author":1,"featured_media":14665,"comment_status":"open","ping_status":"open","sticky":false,"template":"","format":"standard","meta":{"jetpack_post_was_ever_published":false,"_jetpack_newsletter_access":"","_jetpack_dont_email_post_to_subs":false,"_jetpack_newsletter_tier_id":0,"_jetpack_memberships_contains_paywalled_content":false,"_jetpack_memberships_contains_paid_content":false,"footnotes":""},"categories":[5,1],"tags":[1448,664,9,1190,190,1339],"class_list":["post-14664","post","type-post","status-publish","format-standard","has-post-thumbnail","hentry","category-fantasia","category-sin-categoria","tag-cubiertas","tag-fantasia","tag-libros-en-ingles","tag-matthew-ward","tag-noticias","tag-orbit"],"jetpack_featured_media_url":"https:\/\/www.fantasticaficcion.com\/wp-content\/uploads\/2023\/12\/TheFireWithinThem-768x1207-1.jpg","jetpack_shortlink":"https:\/\/wp.me\/p5fEpk-3Ow","jetpack_sharing_enabled":true,"_links":{"self":[{"href":"https:\/\/www.fantasticaficcion.com\/index.php\/wp-json\/wp\/v2\/posts\/14664","targetHints":{"allow":["GET"]}}],"collection":[{"href":"https:\/\/www.fantasticaficcion.com\/index.php\/wp-json\/wp\/v2\/posts"}],"about":[{"href":"https:\/\/www.fantasticaficcion.com\/index.php\/wp-json\/wp\/v2\/types\/post"}],"author":[{"embeddable":true,"href":"https:\/\/www.fantasticaficcion.com\/index.php\/wp-json\/wp\/v2\/users\/1"}],"replies":[{"embeddable":true,"href":"https:\/\/www.fantasticaficcion.com\/index.php\/wp-json\/wp\/v2\/comments?post=14664"}],"version-history":[{"count":1,"href":"https:\/\/www.fantasticaficcion.com\/index.php\/wp-json\/wp\/v2\/posts\/14664\/revisions"}],"predecessor-version":[{"id":14666,"href":"https:\/\/www.fantasticaficcion.com\/index.php\/wp-json\/wp\/v2\/posts\/14664\/revisions\/14666"}],"wp:featuredmedia":[{"embeddable":true,"href":"https:\/\/www.fantasticaficcion.com\/index.php\/wp-json\/wp\/v2\/media\/14665"}],"wp:attachment":[{"href":"https:\/\/www.fantasticaficcion.com\/index.php\/wp-json\/wp\/v2\/media?parent=14664"}],"wp:term":[{"taxonomy":"category","embeddable":true,"href":"https:\/\/www.fantasticaficcion.com\/index.php\/wp-json\/wp\/v2\/categories?post=14664"},{"taxonomy":"post_tag","embeddable":true,"href":"https:\/\/www.fantasticaficcion.com\/index.php\/wp-json\/wp\/v2\/tags?post=14664"}],"curies":[{"name":"wp","href":"https:\/\/api.w.org\/{rel}","templated":true}]}}