{"id":1456,"date":"2013-09-10T05:50:13","date_gmt":"2013-09-10T05:50:13","guid":{"rendered":"http:\/\/www.fantasticaficcion.com\/?p=1456"},"modified":"2013-09-10T05:50:13","modified_gmt":"2013-09-10T05:50:13","slug":"ww2-2-la-batalla-de-paris","status":"publish","type":"post","link":"https:\/\/www.fantasticaficcion.com\/index.php\/ww2-2-la-batalla-de-paris\/","title":{"rendered":"WW2.2 La batalla de Par\u00eds"},"content":{"rendered":"<p style=\"text-align: justify;\"><a href=\"https:\/\/www.fantasticaficcion.com\/wp-content\/uploads\/2013\/09\/WW2-1.jpg\"><img loading=\"lazy\" decoding=\"async\" class=\" wp-image-1457 alignright\" alt=\"WW2 1\" src=\"https:\/\/www.fantasticaficcion.com\/wp-content\/uploads\/2013\/09\/WW2-1.jpg\" width=\"280\" height=\"280\" srcset=\"https:\/\/www.fantasticaficcion.com\/wp-content\/uploads\/2013\/09\/WW2-1.jpg 400w, https:\/\/www.fantasticaficcion.com\/wp-content\/uploads\/2013\/09\/WW2-1-150x150.jpg 150w, https:\/\/www.fantasticaficcion.com\/wp-content\/uploads\/2013\/09\/WW2-1-300x300.jpg 300w\" sizes=\"auto, (max-width: 280px) 100vw, 280px\" \/><\/a>Decepci\u00f3n es una palabra bastante fuerte, pero es lo que he sentido al terminar esta primera entrega de <strong>WW2.2<\/strong>, una serie de tebeos ucr\u00f3nicos en los que se explora aspectos de la <strong>Segunda Guerra Mundial<\/strong> desde un prisma cambiado, ya que en cada n\u00famero la historia no es tal y como nos la contaron.<\/p>\n<p style=\"text-align: justify;\">En esta primera entrega Hitler es asesinado en el 39, y aunque la guerra es inevitable, los derroteros por los que transcurre son distintos debido a esta muerte. Alemania ataca directamente a B\u00e9lgica y Francia, obligando a los aliados a combatir en Par\u00eds.<\/p>\n<p style=\"text-align: justify;\">La historia se narra de forma epistolar, en las cartas del<strong> sargento Meunier<\/strong>, un maestro (\u00bfno os suena de algo?) al cargo de un grupo de hombres que patrullan la evacuada Par\u00eds en espera del ataque alem\u00e1n.<\/p>\n<p style=\"text-align: justify;\">El apartado gr\u00e1fico no es destacable, se usa y se abusa del primer plano para que veamos las caras de cada uno de los soldados, pero no se define lo suficiente a los personajes como para que dejen de sernos indiferentes. Los \u00fanicos que han conseguido arrancarme una sonrisa son los trasuntos de Hern\u00e1ndez y Fern\u00e1ndez.<\/p>\n<p style=\"text-align: justify;\">Lo narrado entra dentro de la m\u00e1s t\u00edpica historia de supervivencia y la \u00fanica acci\u00f3n que vemos es una escaramuza. Poca cosa para lo que esperaba, ya que lo \u00fanico destacable es el pr\u00f3logo, que ya se han encargado de destriparnos en la edici\u00f3n espa\u00f1ola con una pegatina en la portada.<\/p>\n","protected":false},"excerpt":{"rendered":"<p>Decepci\u00f3n es una palabra bastante fuerte, pero es lo que he sentido al terminar esta primera entrega de WW2.2, una serie de tebeos ucr\u00f3nicos en los que se explora aspectos de la Segunda Guerra Mundial desde un prisma cambiado, ya que en cada n\u00famero la historia no es tal y como nos la contaron. En &hellip; <\/p>\n<p class=\"link-more\"><a href=\"https:\/\/www.fantasticaficcion.com\/index.php\/ww2-2-la-batalla-de-paris\/\" class=\"more-link\">Continuar leyendo<span class=\"screen-reader-text\"> &#8220;WW2.2 La batalla de Par\u00eds&#8221;<\/span><\/a><\/p>\n","protected":false},"author":1,"featured_media":0,"comment_status":"open","ping_status":"open","sticky":false,"template":"","format":"standard","meta":{"jetpack_post_was_ever_published":false,"_jetpack_newsletter_access":"","_jetpack_dont_email_post_to_subs":false,"_jetpack_newsletter_tier_id":0,"_jetpack_memberships_contains_paywalled_content":false,"_jetpack_memberships_contains_paid_content":false,"footnotes":""},"categories":[62],"tags":[668,14,8],"class_list":["post-1456","post","type-post","status-publish","format-standard","hentry","category-comic","tag-comic","tag-libros-en-espanol","tag-resenas"],"jetpack_featured_media_url":"","jetpack_shortlink":"https:\/\/wp.me\/p5fEpk-nu","jetpack_sharing_enabled":true,"_links":{"self":[{"href":"https:\/\/www.fantasticaficcion.com\/index.php\/wp-json\/wp\/v2\/posts\/1456","targetHints":{"allow":["GET"]}}],"collection":[{"href":"https:\/\/www.fantasticaficcion.com\/index.php\/wp-json\/wp\/v2\/posts"}],"about":[{"href":"https:\/\/www.fantasticaficcion.com\/index.php\/wp-json\/wp\/v2\/types\/post"}],"author":[{"embeddable":true,"href":"https:\/\/www.fantasticaficcion.com\/index.php\/wp-json\/wp\/v2\/users\/1"}],"replies":[{"embeddable":true,"href":"https:\/\/www.fantasticaficcion.com\/index.php\/wp-json\/wp\/v2\/comments?post=1456"}],"version-history":[{"count":2,"href":"https:\/\/www.fantasticaficcion.com\/index.php\/wp-json\/wp\/v2\/posts\/1456\/revisions"}],"predecessor-version":[{"id":1483,"href":"https:\/\/www.fantasticaficcion.com\/index.php\/wp-json\/wp\/v2\/posts\/1456\/revisions\/1483"}],"wp:attachment":[{"href":"https:\/\/www.fantasticaficcion.com\/index.php\/wp-json\/wp\/v2\/media?parent=1456"}],"wp:term":[{"taxonomy":"category","embeddable":true,"href":"https:\/\/www.fantasticaficcion.com\/index.php\/wp-json\/wp\/v2\/categories?post=1456"},{"taxonomy":"post_tag","embeddable":true,"href":"https:\/\/www.fantasticaficcion.com\/index.php\/wp-json\/wp\/v2\/tags?post=1456"}],"curies":[{"name":"wp","href":"https:\/\/api.w.org\/{rel}","templated":true}]}}