{"id":14492,"date":"2023-11-24T05:30:00","date_gmt":"2023-11-24T05:30:00","guid":{"rendered":"http:\/\/www.fantasticaficcion.com\/?p=14492"},"modified":"2023-10-19T11:47:29","modified_gmt":"2023-10-19T11:47:29","slug":"cubierta-y-sinopsis-de-the-afterlife-of-mal-caldera","status":"publish","type":"post","link":"https:\/\/www.fantasticaficcion.com\/index.php\/cubierta-y-sinopsis-de-the-afterlife-of-mal-caldera\/","title":{"rendered":"Cubierta y sinopsis de The Afterlife of Mal Caldera"},"content":{"rendered":"\n<p>Titan Books ha anunciado la publicaci\u00f3n el 11 de junio de 2024 de <strong><em><a href=\"https:\/\/fantasy-hive.co.uk\/2023\/10\/the-afterlife-of-mal-caldera-by-nadi-reed-perez-cover-reveal-excerpt\/\">The Afterlife of Mal Caldera<\/a><\/em><\/strong>, la primera novela de\u00a0Nadi Reed Perez.<\/p>\n\n\n\n<p>Esta es la sinopsis:<\/p>\n\n\n\n<blockquote class=\"wp-block-quote is-layout-flow wp-block-quote-is-layout-flow\">\n<p><strong>Mal\u2019s life is over. Her afterlife is only just beginning\u2026<\/strong><\/p>\n\n\n\n<p><strong>By turns irreverently funny and deeply moving, this debut&nbsp; contemporary fantasy is perfect for fans of&nbsp;<\/strong><strong><em>They Both Die at the End<\/em><\/strong><strong>&nbsp;and&nbsp;<\/strong><strong><em>The Invisible Life of Addie LaRue.<\/em><\/strong><\/p>\n\n\n\n<p>Mal Caldera is dead. Not that she cares. She only feels bad that her younger sister, Cris, has been left alone with their religious zealot of a mother, trying to pick up the pieces. While her fellow ghosts party their afterlives away, Mal is determined to make contact with Cris from beyond the grave. She enlists the help of reluctant local medium Ren, and together, they concoct a plan to pass on a message to Cris. But the more time they spend together, the more both begin to wonder what might have been if they\u2019d met before Mal died.&nbsp;<\/p>\n\n\n\n<p>Mal knows it\u2019s wrong to hold on so tightly to her old life. Bad things happen to ghosts who try to interfere with the living, and Mal can\u2019t help but wonder if she\u2019s hurting the people she loves by haunting their lives. But Mal has always been selfish, and letting go might just be the hardest thing she\u2019s ever had to do\u2026<\/p>\n<\/blockquote>\n\n\n\n<p>Mi traducci\u00f3n:<\/p>\n\n\n\n<blockquote class=\"wp-block-quote is-layout-flow wp-block-quote-is-layout-flow\">\n<p>La vida de Mal ha acabado. Pero su vida despu\u00e9s de la muerte acaba de comenzar&#8230;<\/p>\n\n\n\n<p>A la vez irreverentemente divertida y profundamente conmovedora, este debut de fantas\u00eda contempor\u00e1nea es perfecto para los fans de <strong><em>They Both Die at the End<\/em>\u00a0<\/strong>y<strong> <em><a href=\"https:\/\/www.fantasticaficcion.com\/index.php\/the-invisible-life-of-addie-larue\/\" data-type=\"post\" data-id=\"11395\">The Invisible Life of Addie LaRue<\/a>.<\/em><\/strong><\/p>\n\n\n\n<p>Mal Caldera est\u00e1 muerta. No es que le importe mucho. Solo se siente mal porque su hermana peque\u00f1a, Cris, se ha quedado sola con su beata madre, intentando arreglarlo todo. Mientras que sus compa\u00f1eros fantasmas se pasan la muerte de fiesta en fiesta, Mal est\u00e1 decidida a contactar con Cris desde la tumba. Se al\u00eda con la medium local Ren y juntas, conciben un plan para hacerle llegar un mensaje a Cris. Pero conforme m\u00e1s tiempo pasan juntas, m\u00e1s se pregunta qu\u00e9 hubiera podido pasar si se hubieran conocido antes de su muerte.<\/p>\n\n\n\n<p>Mal sabe que est\u00e1 mal aferrarse con tanta pasi\u00f3n a su vieja vida. A los fantasmas que tratan de interactuar con los vivos les pasan cosas malas y no puede dejar de preguntarse si estar\u00e1 da\u00f1ando a la gente a la que ama permaneciendo en sus vidas. Pero Mal siempre fue ego\u00edsta y dejarlo pasar puede ser lo m\u00e1s dif\u00edcil que ha hecho nunca&#8230;<\/p>\n<\/blockquote>\n\n\n\n<p>Esta es la cubierta de Natasha MacKenzie:<\/p>\n\n\n\n<figure class=\"wp-block-image size-full\"><a href=\"https:\/\/www.fantasticaficcion.com\/wp-content\/uploads\/2023\/10\/theafterlifeofmalcaldera.jpg\"><img loading=\"lazy\" decoding=\"async\" width=\"656\" height=\"1000\" src=\"https:\/\/www.fantasticaficcion.com\/wp-content\/uploads\/2023\/10\/theafterlifeofmalcaldera.jpg\" alt=\"\" class=\"wp-image-14493\" srcset=\"https:\/\/www.fantasticaficcion.com\/wp-content\/uploads\/2023\/10\/theafterlifeofmalcaldera.jpg 656w, https:\/\/www.fantasticaficcion.com\/wp-content\/uploads\/2023\/10\/theafterlifeofmalcaldera-197x300.jpg 197w\" sizes=\"auto, (max-width: 656px) 100vw, 656px\" \/><\/a><\/figure>\n","protected":false},"excerpt":{"rendered":"<p>Titan Books ha anunciado la publicaci\u00f3n el 11 de junio de 2024 de The Afterlife of Mal Caldera, la primera novela de\u00a0Nadi Reed Perez. Esta es la sinopsis: Mal\u2019s life is over. Her afterlife is only just beginning\u2026 By turns irreverently funny and deeply moving, this debut&nbsp; contemporary fantasy is perfect for fans of&nbsp;They Both &hellip; <\/p>\n<p class=\"link-more\"><a href=\"https:\/\/www.fantasticaficcion.com\/index.php\/cubierta-y-sinopsis-de-the-afterlife-of-mal-caldera\/\" class=\"more-link\">Continuar leyendo<span class=\"screen-reader-text\"> &#8220;Cubierta y sinopsis de The Afterlife of Mal Caldera&#8221;<\/span><\/a><\/p>\n","protected":false},"author":1,"featured_media":14493,"comment_status":"open","ping_status":"open","sticky":false,"template":"","format":"standard","meta":{"jetpack_post_was_ever_published":false,"_jetpack_newsletter_access":"","_jetpack_dont_email_post_to_subs":false,"_jetpack_newsletter_tier_id":0,"_jetpack_memberships_contains_paywalled_content":false,"_jetpack_memberships_contains_paid_content":false,"footnotes":""},"categories":[5],"tags":[1448,664,9,1661,190,1419],"class_list":["post-14492","post","type-post","status-publish","format-standard","has-post-thumbnail","hentry","category-fantasia","tag-cubiertas","tag-fantasia","tag-libros-en-ingles","tag-nadi-reed-perez","tag-noticias","tag-titan-books"],"jetpack_featured_media_url":"https:\/\/www.fantasticaficcion.com\/wp-content\/uploads\/2023\/10\/theafterlifeofmalcaldera.jpg","jetpack_shortlink":"https:\/\/wp.me\/p5fEpk-3LK","jetpack_sharing_enabled":true,"_links":{"self":[{"href":"https:\/\/www.fantasticaficcion.com\/index.php\/wp-json\/wp\/v2\/posts\/14492","targetHints":{"allow":["GET"]}}],"collection":[{"href":"https:\/\/www.fantasticaficcion.com\/index.php\/wp-json\/wp\/v2\/posts"}],"about":[{"href":"https:\/\/www.fantasticaficcion.com\/index.php\/wp-json\/wp\/v2\/types\/post"}],"author":[{"embeddable":true,"href":"https:\/\/www.fantasticaficcion.com\/index.php\/wp-json\/wp\/v2\/users\/1"}],"replies":[{"embeddable":true,"href":"https:\/\/www.fantasticaficcion.com\/index.php\/wp-json\/wp\/v2\/comments?post=14492"}],"version-history":[{"count":1,"href":"https:\/\/www.fantasticaficcion.com\/index.php\/wp-json\/wp\/v2\/posts\/14492\/revisions"}],"predecessor-version":[{"id":14494,"href":"https:\/\/www.fantasticaficcion.com\/index.php\/wp-json\/wp\/v2\/posts\/14492\/revisions\/14494"}],"wp:featuredmedia":[{"embeddable":true,"href":"https:\/\/www.fantasticaficcion.com\/index.php\/wp-json\/wp\/v2\/media\/14493"}],"wp:attachment":[{"href":"https:\/\/www.fantasticaficcion.com\/index.php\/wp-json\/wp\/v2\/media?parent=14492"}],"wp:term":[{"taxonomy":"category","embeddable":true,"href":"https:\/\/www.fantasticaficcion.com\/index.php\/wp-json\/wp\/v2\/categories?post=14492"},{"taxonomy":"post_tag","embeddable":true,"href":"https:\/\/www.fantasticaficcion.com\/index.php\/wp-json\/wp\/v2\/tags?post=14492"}],"curies":[{"name":"wp","href":"https:\/\/api.w.org\/{rel}","templated":true}]}}