{"id":14140,"date":"2023-07-11T05:30:00","date_gmt":"2023-07-11T05:30:00","guid":{"rendered":"http:\/\/www.fantasticaficcion.com\/?p=14140"},"modified":"2023-06-26T07:43:28","modified_gmt":"2023-06-26T07:43:28","slug":"cubierta-de-the-fragile-threads-of-power","status":"publish","type":"post","link":"https:\/\/www.fantasticaficcion.com\/index.php\/cubierta-de-the-fragile-threads-of-power\/","title":{"rendered":"Cubierta de The Fragile Threads of Power"},"content":{"rendered":"\n<p>Ya sabemos c\u00f3mo ser\u00e1 la cubierta de la siguiente novela de V.E. Schwab, esta mujer no para, que se titular\u00e1 <a href=\"https:\/\/titanbooks.com\/8853-the-fragile-threads-of-power\/\"><strong><em>The Fragile Threads of Power<\/em><\/strong> <\/a>situado en el mismo universo de <em><a href=\"https:\/\/www.fantasticaficcion.com\/index.php\/a-darker-shade-of-magic\/\" data-type=\"post\" data-id=\"6397\">Shades of Magic<\/a><\/em>, pero comienzo de una nueva trilog\u00eda llamada <em>Threads of Power<\/em>. El libro saldr\u00e1 a la venta el 23 de septiembre.<\/p>\n\n\n\n<p>Esta es la sinopsis:<\/p>\n\n\n\n<blockquote class=\"wp-block-quote is-layout-flow wp-block-quote-is-layout-flow\">\n<p>Seven years have passed since the doors between the worlds were sealed. Seven years since Kell, Lila and Holland stood against Osaron, a desperate battle that saved the worlds of Red, Grey and White London. Seven years since Kell\u2019s magic was shattered, and Holland lost his life.<\/p>\n\n\n\n<p>Now Rhy Maresh rules Red London with his new family \u2013 his queen, Nadiya, their daughter Ren, and his consort, Alucard. But his city boils with conspiracy and rebellion, fuelled by rumours he is causing magic to fade from the word.<\/p>\n\n\n\n<p>Now Kosika, a child Antari, sits on the throne of White London. The queen leads her people in new rituals of sacrifice and blood in devotion to the altar of Holland Vosijk, summoning vast power she may not be able to control.<\/p>\n\n\n\n<p>Now Lila and Kell, living free on the waves, are charged by the captain of the Floating Market to retrieve an immensely powerful artefact, stolen by secretive forces.<\/p>\n\n\n\n<p>Now Tes, a young woman with a knack for fixing broken things, is thrust into the affairs of Antari and kings, traitors and thieves. And only her unique powers can weave the threads of power together.<\/p>\n<\/blockquote>\n\n\n\n<p>Mi traducci\u00f3n:<\/p>\n\n\n\n<blockquote class=\"wp-block-quote is-layout-flow wp-block-quote-is-layout-flow\">\n<p>Han pasado siete a\u00f1o desde que se cerraron las puertas entre los mundos. Siete a\u00f1os desde que Kell, Lila y Holland se enfrentaron a Osaron, en una batalla desesperada que salv\u00f3 los mundos de los Londres Rojo, Gris y Blanco. Siete a\u00f1os desde que la magia de Kell desapareciera y Holland  muriera.<\/p>\n\n\n\n<p>Ahora Rhy Maresh gobierna el Londres Rojo con su  nueva familia, su reina Nadiya, su hija Ren y su consorte Alucard. Pero la ciudad arde con conspiraciones y rebeli\u00f3n, alimentados por los rumores que afirman que est\u00e1 haciendo que desaparezca la magia del mundo.<\/p>\n\n\n\n<p>Kosika, una ni\u00f1a Antari, se sienta en el trono del Londres Blanco. La reina lidera a su gente en nuevos rituales de sacrificio y sangre en devoci\u00f3n al altar de Holland Vosijk, atrayendo un poder que quiz\u00e1 no pueda controlar.<\/p>\n\n\n\n<p>Tes, una joven con la capacidad de arreglar cosas rotas, se ve envuelta en los asuntos de Antari y reyes, traidores y ladrones. Y solos sus poderes \u00fanicos podr\u00e1n enlazar los hilos del poder de nuevo.<\/p>\n<\/blockquote>\n\n\n\n<p>Esta es la cubierta:<\/p>\n\n\n<div class=\"wp-block-image\">\n<figure class=\"aligncenter size-full\"><a href=\"https:\/\/www.fantasticaficcion.com\/wp-content\/uploads\/2023\/06\/FragileThreadsofPower.webp\"><img loading=\"lazy\" decoding=\"async\" width=\"390\" height=\"600\" src=\"https:\/\/www.fantasticaficcion.com\/wp-content\/uploads\/2023\/06\/FragileThreadsofPower.webp\" alt=\"\" class=\"wp-image-14141\" srcset=\"https:\/\/www.fantasticaficcion.com\/wp-content\/uploads\/2023\/06\/FragileThreadsofPower.webp 390w, https:\/\/www.fantasticaficcion.com\/wp-content\/uploads\/2023\/06\/FragileThreadsofPower-195x300.webp 195w\" sizes=\"auto, (max-width: 390px) 100vw, 390px\" \/><\/a><\/figure>\n<\/div>","protected":false},"excerpt":{"rendered":"<p>Ya sabemos c\u00f3mo ser\u00e1 la cubierta de la siguiente novela de V.E. Schwab, esta mujer no para, que se titular\u00e1 The Fragile Threads of Power situado en el mismo universo de Shades of Magic, pero comienzo de una nueva trilog\u00eda llamada Threads of Power. El libro saldr\u00e1 a la venta el 23 de septiembre. Esta &hellip; <\/p>\n<p class=\"link-more\"><a href=\"https:\/\/www.fantasticaficcion.com\/index.php\/cubierta-de-the-fragile-threads-of-power\/\" class=\"more-link\">Continuar leyendo<span class=\"screen-reader-text\"> &#8220;Cubierta de The Fragile Threads of Power&#8221;<\/span><\/a><\/p>\n","protected":false},"author":1,"featured_media":14141,"comment_status":"open","ping_status":"open","sticky":false,"template":"","format":"standard","meta":{"jetpack_post_was_ever_published":false,"_jetpack_newsletter_access":"","_jetpack_dont_email_post_to_subs":false,"_jetpack_newsletter_tier_id":0,"_jetpack_memberships_contains_paywalled_content":false,"_jetpack_memberships_contains_paid_content":false,"footnotes":""},"categories":[830,5],"tags":[1448,664,9,190,627],"class_list":["post-14140","post","type-post","status-publish","format-standard","has-post-thumbnail","hentry","category-artistas","category-fantasia","tag-cubiertas","tag-fantasia","tag-libros-en-ingles","tag-noticias","tag-v-e-schwab"],"jetpack_featured_media_url":"https:\/\/www.fantasticaficcion.com\/wp-content\/uploads\/2023\/06\/FragileThreadsofPower.webp","jetpack_shortlink":"https:\/\/wp.me\/p5fEpk-3G4","jetpack_sharing_enabled":true,"_links":{"self":[{"href":"https:\/\/www.fantasticaficcion.com\/index.php\/wp-json\/wp\/v2\/posts\/14140","targetHints":{"allow":["GET"]}}],"collection":[{"href":"https:\/\/www.fantasticaficcion.com\/index.php\/wp-json\/wp\/v2\/posts"}],"about":[{"href":"https:\/\/www.fantasticaficcion.com\/index.php\/wp-json\/wp\/v2\/types\/post"}],"author":[{"embeddable":true,"href":"https:\/\/www.fantasticaficcion.com\/index.php\/wp-json\/wp\/v2\/users\/1"}],"replies":[{"embeddable":true,"href":"https:\/\/www.fantasticaficcion.com\/index.php\/wp-json\/wp\/v2\/comments?post=14140"}],"version-history":[{"count":1,"href":"https:\/\/www.fantasticaficcion.com\/index.php\/wp-json\/wp\/v2\/posts\/14140\/revisions"}],"predecessor-version":[{"id":14142,"href":"https:\/\/www.fantasticaficcion.com\/index.php\/wp-json\/wp\/v2\/posts\/14140\/revisions\/14142"}],"wp:featuredmedia":[{"embeddable":true,"href":"https:\/\/www.fantasticaficcion.com\/index.php\/wp-json\/wp\/v2\/media\/14141"}],"wp:attachment":[{"href":"https:\/\/www.fantasticaficcion.com\/index.php\/wp-json\/wp\/v2\/media?parent=14140"}],"wp:term":[{"taxonomy":"category","embeddable":true,"href":"https:\/\/www.fantasticaficcion.com\/index.php\/wp-json\/wp\/v2\/categories?post=14140"},{"taxonomy":"post_tag","embeddable":true,"href":"https:\/\/www.fantasticaficcion.com\/index.php\/wp-json\/wp\/v2\/tags?post=14140"}],"curies":[{"name":"wp","href":"https:\/\/api.w.org\/{rel}","templated":true}]}}