{"id":1413,"date":"2013-08-29T06:06:50","date_gmt":"2013-08-29T06:06:50","guid":{"rendered":"http:\/\/www.fantasticaficcion.com\/?p=1413"},"modified":"2013-08-29T06:06:50","modified_gmt":"2013-08-29T06:06:50","slug":"la-armadura-del-jakolass","status":"publish","type":"post","link":"https:\/\/www.fantasticaficcion.com\/index.php\/la-armadura-del-jakolass\/","title":{"rendered":"La armadura del Jakolass"},"content":{"rendered":"<p style=\"text-align: justify;\"><a href=\"https:\/\/www.fantasticaficcion.com\/wp-content\/uploads\/2013\/08\/jakolass.jpg\"><img loading=\"lazy\" decoding=\"async\" class=\"alignright size-full wp-image-1414\" alt=\"jakolass\" src=\"https:\/\/www.fantasticaficcion.com\/wp-content\/uploads\/2013\/08\/jakolass.jpg\" width=\"262\" height=\"400\" srcset=\"https:\/\/www.fantasticaficcion.com\/wp-content\/uploads\/2013\/08\/jakolass.jpg 262w, https:\/\/www.fantasticaficcion.com\/wp-content\/uploads\/2013\/08\/jakolass-196x300.jpg 196w\" sizes=\"auto, (max-width: 262px) 100vw, 262px\" \/><\/a>En una decisi\u00f3n que les honra los autores de <strong>Valerian, agente espaciotemporal<\/strong> decidieron cerrar la serie en agosto del 2010, quiz\u00e1 por agotamiento de la f\u00f3rmula tras m\u00e1s de cuarenta a\u00f1os de aventuras o por su propio cansancio.<\/p>\n<p style=\"text-align: justify;\">Afortunadamente, esto no significa que no vayamos a tener m\u00e1s entregas de este mito del c\u00f3mic francobelga, por que en un movimiento similar al que ya se ha hecho con\u00a0<a title=\"Une aventure\" href=\"http:\/\/fr.spirou.wikia.com\/wiki\/Cat%C3%A9gorie:Une_aventure_de_Spirou_et_Fantasio_par...\" target=\"_blank\">&#8220;Une aventure de Spirou et Fantasio par..&#8221; <\/a>algunos autores punteros del c\u00f3mic del pa\u00eds vecino van a contarnos su visi\u00f3n de Valerian y Laureline.<\/p>\n<p style=\"text-align: justify;\">La primera entrega que llega a Espa\u00f1a es esta <strong>\u201cArmadura del Jakolass\u201d<\/strong> de <a title=\"Manu Larcenet\" href=\"http:\/\/www.manularcenet.com\/\" target=\"_blank\"><strong>Manu Larcenet<\/strong><\/a>, cuyo obra m\u00e1s conocida tal vez sea <a title=\"Combates cotidianos\" href=\"http:\/\/www.lacarceldepapel.com\/2006\/10\/21\/lecturas-los-combates-cotidianos-3\/\" target=\"_blank\"><strong>\u201cLos combates cotidianos\u201d.<\/strong><\/a><\/p>\n<p style=\"text-align: justify;\">Valerian se encuentra atrapado en un cuerpo extra\u00f1o, el del alcoh\u00f3lico obrero <strong>Ren\u00e9 Pereuillaud,<\/strong> debido a una trampa del malvado Jakolass. Con ayuda de Laureline deber\u00e1 viajar al planeta prisi\u00f3n donde se encuentra atrapado el Jakolass para poder recuperar su propio cuerpo.<\/p>\n<p style=\"text-align: justify;\">La historia es divertida y est\u00e1 repleta de gui\u00f1os y detalles para el lector habitual de las aventuras de los agentes espaciotemporales, pero precisamente este humor es el que me ha sacado un poco de la lectura, pues me parece que algunos recursos son muy manidos, como el <em>delirium tremens<\/em> del que es v\u00edctima Ren\u00e9 cuando no puede recibir su raci\u00f3n de alcohol.<\/p>\n<p style=\"text-align: justify;\">En otros casos se recurre a la iteraci\u00f3n de vocablos y top\u00f3nimos de origen desconocido para reflejar la inmensa variedad de vida en la galaxia, algo que ya se utilizaba en el tebeo original. Aunque es normal que se use esta idea, que es casi una marca registrada de <strong><a title=\"Christin\" href=\"http:\/\/es.wikipedia.org\/wiki\/Pierre_Christin\" target=\"_blank\">Pierre Christin<\/a>.<\/strong><\/p>\n<p style=\"text-align: justify;\">En cuanto al dibujo, dentro de su propio estilo Larcenet consigue que no nos extra\u00f1emos de la profusi\u00f3n de seres alien\u00edgenas que aparecen en las p\u00e1ginas del tebeo, como nos ten\u00eda acostumbrados <strong><a title=\"Mezieres\" href=\"http:\/\/es.wikipedia.org\/wiki\/Jean-Claude_M%C3%A9zi%C3%A8res\" target=\"_blank\">Jean-Claude M\u00e9zi\u00e8res<\/a><\/strong>.<\/p>\n<p style=\"text-align: justify;\">En definitiva es una aproximaci\u00f3n interesante al universo de Valerian, aunque no acabo de verla completa. No se trata de un clon de los antiguos tebeos pero tampoco es rompedor, se queda en un t\u00e9rmino medio cuando podr\u00eda haber dado m\u00e1s de s\u00ed (quiz\u00e1 ahondando en el conflicto religioso que se muestra). Me encantar\u00eda que en alguna entrega se hiciera algo como <a title=\"Bravo\" href=\"http:\/\/es.wikipedia.org\/wiki\/%C3%89mile_Bravo\" target=\"_blank\"><strong>\u00c9mile Bravo<\/strong><\/a> en <a title=\"Diario de un ingenuo\" href=\"http:\/\/www.planetadelibros.com\/serie-spirou-y-fantasio-diario-de-un-ingenuo-499.html\" target=\"_blank\"><strong>\u201cDiario de un ingenuo\u201d,<\/strong><\/a> por ejemplo.<\/p>\n","protected":false},"excerpt":{"rendered":"<p>En una decisi\u00f3n que les honra los autores de Valerian, agente espaciotemporal decidieron cerrar la serie en agosto del 2010, quiz\u00e1 por agotamiento de la f\u00f3rmula tras m\u00e1s de cuarenta a\u00f1os de aventuras o por su propio cansancio. Afortunadamente, esto no significa que no vayamos a tener m\u00e1s entregas de este mito del c\u00f3mic francobelga, &hellip; <\/p>\n<p class=\"link-more\"><a href=\"https:\/\/www.fantasticaficcion.com\/index.php\/la-armadura-del-jakolass\/\" class=\"more-link\">Continuar leyendo<span class=\"screen-reader-text\"> &#8220;La armadura del Jakolass&#8221;<\/span><\/a><\/p>\n","protected":false},"author":1,"featured_media":0,"comment_status":"open","ping_status":"open","sticky":false,"template":"","format":"standard","meta":{"jetpack_post_was_ever_published":false,"_jetpack_newsletter_access":"","_jetpack_dont_email_post_to_subs":false,"_jetpack_newsletter_tier_id":0,"_jetpack_memberships_contains_paywalled_content":false,"_jetpack_memberships_contains_paid_content":false,"footnotes":""},"categories":[10,62],"tags":[4,668,147,14,148,146,8,145],"class_list":["post-1413","post","type-post","status-publish","format-standard","hentry","category-ciencia-ficcion-2","category-comic","tag-ciencia-ficcion","tag-comic","tag-jean-claude-mezieres","tag-libros-en-espanol","tag-manu-larcenet","tag-pierre-christin","tag-resenas","tag-valerian"],"jetpack_featured_media_url":"","jetpack_shortlink":"https:\/\/wp.me\/p5fEpk-mN","jetpack_sharing_enabled":true,"_links":{"self":[{"href":"https:\/\/www.fantasticaficcion.com\/index.php\/wp-json\/wp\/v2\/posts\/1413","targetHints":{"allow":["GET"]}}],"collection":[{"href":"https:\/\/www.fantasticaficcion.com\/index.php\/wp-json\/wp\/v2\/posts"}],"about":[{"href":"https:\/\/www.fantasticaficcion.com\/index.php\/wp-json\/wp\/v2\/types\/post"}],"author":[{"embeddable":true,"href":"https:\/\/www.fantasticaficcion.com\/index.php\/wp-json\/wp\/v2\/users\/1"}],"replies":[{"embeddable":true,"href":"https:\/\/www.fantasticaficcion.com\/index.php\/wp-json\/wp\/v2\/comments?post=1413"}],"version-history":[{"count":4,"href":"https:\/\/www.fantasticaficcion.com\/index.php\/wp-json\/wp\/v2\/posts\/1413\/revisions"}],"predecessor-version":[{"id":1418,"href":"https:\/\/www.fantasticaficcion.com\/index.php\/wp-json\/wp\/v2\/posts\/1413\/revisions\/1418"}],"wp:attachment":[{"href":"https:\/\/www.fantasticaficcion.com\/index.php\/wp-json\/wp\/v2\/media?parent=1413"}],"wp:term":[{"taxonomy":"category","embeddable":true,"href":"https:\/\/www.fantasticaficcion.com\/index.php\/wp-json\/wp\/v2\/categories?post=1413"},{"taxonomy":"post_tag","embeddable":true,"href":"https:\/\/www.fantasticaficcion.com\/index.php\/wp-json\/wp\/v2\/tags?post=1413"}],"curies":[{"name":"wp","href":"https:\/\/api.w.org\/{rel}","templated":true}]}}