{"id":14102,"date":"2023-06-27T05:30:00","date_gmt":"2023-06-27T05:30:00","guid":{"rendered":"http:\/\/www.fantasticaficcion.com\/?p=14102"},"modified":"2023-06-07T06:21:50","modified_gmt":"2023-06-07T06:21:50","slug":"cubierta-de-the-practice-the-horizon-and-the-chain","status":"publish","type":"post","link":"https:\/\/www.fantasticaficcion.com\/index.php\/cubierta-de-the-practice-the-horizon-and-the-chain\/","title":{"rendered":"Cubierta de The Practice, the Horizon and the Chain"},"content":{"rendered":"\n<p>Ya sabemos c\u00f3mo ser\u00e1 la hipn\u00f3tica cubierta de<strong><em><a href=\"https:\/\/www.fantasticaficcion.com\/index.php\/tor-com-publicara-the-practice-the-horizon-and-the-chain\/\" data-type=\"post\" data-id=\"13953\"> <\/a><\/em><\/strong><a href=\"https:\/\/twitter.com\/IreneGallo\/status\/1666102758724739072\"><strong><em>The Practice, the Horizon and the Chain<\/em><\/strong>,<\/a>  una nueva novela corta de Sof\u00eda Samatar de la que ya nos hicimos eco <a href=\"https:\/\/www.fantasticaficcion.com\/index.php\/tor-com-publicara-the-practice-the-horizon-and-the-chain\/\" data-type=\"post\" data-id=\"13953\">por aqu\u00ed<\/a>.<\/p>\n\n\n\n<p>El dise\u00f1o es de Jamie Stafford-Hill:<\/p>\n\n\n<div class=\"wp-block-image\">\n<figure class=\"aligncenter size-full\"><a href=\"https:\/\/www.fantasticaficcion.com\/wp-content\/uploads\/2023\/06\/image.png\"><img loading=\"lazy\" decoding=\"async\" width=\"476\" height=\"531\" src=\"https:\/\/www.fantasticaficcion.com\/wp-content\/uploads\/2023\/06\/image.png\" alt=\"\" class=\"wp-image-14103\" srcset=\"https:\/\/www.fantasticaficcion.com\/wp-content\/uploads\/2023\/06\/image.png 476w, https:\/\/www.fantasticaficcion.com\/wp-content\/uploads\/2023\/06\/image-269x300.png 269w\" sizes=\"auto, (max-width: 476px) 100vw, 476px\" \/><\/a><\/figure>\n<\/div>","protected":false},"excerpt":{"rendered":"<p>Ya sabemos c\u00f3mo ser\u00e1 la hipn\u00f3tica cubierta de The Practice, the Horizon and the Chain, una nueva novela corta de Sof\u00eda Samatar de la que ya nos hicimos eco por aqu\u00ed. El dise\u00f1o es de Jamie Stafford-Hill:<\/p>\n","protected":false},"author":1,"featured_media":14103,"comment_status":"open","ping_status":"open","sticky":false,"template":"","format":"standard","meta":{"jetpack_post_was_ever_published":false,"_jetpack_newsletter_access":"","_jetpack_dont_email_post_to_subs":false,"_jetpack_newsletter_tier_id":0,"_jetpack_memberships_contains_paywalled_content":false,"_jetpack_memberships_contains_paid_content":false,"footnotes":""},"categories":[5,1],"tags":[1448,664,9,190],"class_list":["post-14102","post","type-post","status-publish","format-standard","has-post-thumbnail","hentry","category-fantasia","category-sin-categoria","tag-cubiertas","tag-fantasia","tag-libros-en-ingles","tag-noticias"],"jetpack_featured_media_url":"https:\/\/www.fantasticaficcion.com\/wp-content\/uploads\/2023\/06\/image.png","jetpack_shortlink":"https:\/\/wp.me\/p5fEpk-3Fs","jetpack_sharing_enabled":true,"_links":{"self":[{"href":"https:\/\/www.fantasticaficcion.com\/index.php\/wp-json\/wp\/v2\/posts\/14102","targetHints":{"allow":["GET"]}}],"collection":[{"href":"https:\/\/www.fantasticaficcion.com\/index.php\/wp-json\/wp\/v2\/posts"}],"about":[{"href":"https:\/\/www.fantasticaficcion.com\/index.php\/wp-json\/wp\/v2\/types\/post"}],"author":[{"embeddable":true,"href":"https:\/\/www.fantasticaficcion.com\/index.php\/wp-json\/wp\/v2\/users\/1"}],"replies":[{"embeddable":true,"href":"https:\/\/www.fantasticaficcion.com\/index.php\/wp-json\/wp\/v2\/comments?post=14102"}],"version-history":[{"count":1,"href":"https:\/\/www.fantasticaficcion.com\/index.php\/wp-json\/wp\/v2\/posts\/14102\/revisions"}],"predecessor-version":[{"id":14104,"href":"https:\/\/www.fantasticaficcion.com\/index.php\/wp-json\/wp\/v2\/posts\/14102\/revisions\/14104"}],"wp:featuredmedia":[{"embeddable":true,"href":"https:\/\/www.fantasticaficcion.com\/index.php\/wp-json\/wp\/v2\/media\/14103"}],"wp:attachment":[{"href":"https:\/\/www.fantasticaficcion.com\/index.php\/wp-json\/wp\/v2\/media?parent=14102"}],"wp:term":[{"taxonomy":"category","embeddable":true,"href":"https:\/\/www.fantasticaficcion.com\/index.php\/wp-json\/wp\/v2\/categories?post=14102"},{"taxonomy":"post_tag","embeddable":true,"href":"https:\/\/www.fantasticaficcion.com\/index.php\/wp-json\/wp\/v2\/tags?post=14102"}],"curies":[{"name":"wp","href":"https:\/\/api.w.org\/{rel}","templated":true}]}}