{"id":14088,"date":"2023-06-21T05:30:00","date_gmt":"2023-06-21T05:30:00","guid":{"rendered":"http:\/\/www.fantasticaficcion.com\/?p=14088"},"modified":"2023-06-01T14:10:00","modified_gmt":"2023-06-01T14:10:00","slug":"cubierta-de-warrior-of-the-wind","status":"publish","type":"post","link":"https:\/\/www.fantasticaficcion.com\/index.php\/cubierta-de-warrior-of-the-wind\/","title":{"rendered":"Cubierta de Warrior of the Wind"},"content":{"rendered":"\n<p>Se ha desvelado cu\u00e1l ser\u00e1 la cubierta de <strong><em><a href=\"https:\/\/www.orbitbooks.net\/2023\/05\/31\/cover-launch-warrior-of-the-wind-by-suyi-davies-okungbowa\/?utm_source=social&amp;utm_medium=twitter&amp;utm_campaign=warrior-of-the-wind&amp;utm_content=cover-launch\">Warrior of the Wind<\/a><\/em><\/strong>, la segunda entrega de la saga que Suyi Davies Okungbowa comenz\u00f3 con <strong><em><a href=\"https:\/\/www.fantasticaficcion.com\/index.php\/son-of-the-storm\/\" data-type=\"post\" data-id=\"12487\">Son of the Storm<\/a><\/em><\/strong>.<\/p>\n\n\n\n<p>Esta es la sinopsis:<\/p>\n\n\n\n<blockquote class=\"wp-block-quote is-layout-flow wp-block-quote-is-layout-flow\">\n<p>The empire has been reshaped. There is no peace in the season of the Red Emperor.<\/p>\n\n\n\n<p>Traumatized by their escape from Bassa, Lilong and Danso have found safety in a vagabond colony on the edge of the emperor\u2019s control. But time is running out on their refuge. A new bounty makes every person a threat, and whispers of magic have roused those eager for their own power.<\/p>\n\n\n\n<p>Lilong is determined to return the Diwi\u2014the ibor heirloom\u2014to her people. It\u2019s the only way to keep it safe from Esheme\u2019s insatiable desire. The journey home will be long, filled with twists and treachery, unexpected allies and fabled enemies.<\/p>\n\n\n\n<p>But surviving the journey is the least of their problems.<\/p>\n\n\n\n<p>Something ancient and uncontrollable awakens. Trouble heads for Bassa, and the continent of Oon will need more than ibor to fix what\u2019s coming.<\/p>\n<\/blockquote>\n\n\n\n<p>Mi traducci\u00f3n:<\/p>\n\n\n\n<blockquote class=\"wp-block-quote is-layout-flow wp-block-quote-is-layout-flow\">\n<p>El imperio se ha remodelado. No hay paz en la temporada del Emperador Rojo.<\/p>\n\n\n\n<p>Traumatizados por su huida de Bassa, Lilong y Danso se encuentran seguros en una colonia vagabunda en los l\u00edmites del control del emperador. Pero se les acaba el tiempo en este refugio. Una nueva recompensa convierte a cada persona en una amenaza, y los susurros de la magia ha despertado a aquellos que desean su propio poder. <\/p>\n\n\n\n<p>Lilong va a devolver a Diwi, la heredera ibra, a su gente. Es la \u00fanica manera de protegerlos del deseo insaciable de Esheme. El camino a casa ser\u00e1 largo, llego de traici\u00f3n y revueltas, aliados inesperados y enemigos fabulados.<\/p>\n\n\n\n<p>Pero sobrevivir al viaje es el menor de sus problemas.<\/p>\n\n\n\n<p>Algo antiguo e incontrolable ha despertado. El problema se dirige a Bassa, y el continente de Oon necesitar\u00e1 algo m\u00e1s que ibor para arreglar lo que est\u00e1 por venir.<\/p>\n<\/blockquote>\n\n\n\n<p>La cubierta es dise\u00f1o de Lauren Panepinto con ilustraci\u00f3n de Dan dos Santos:<\/p>\n\n\n\n<figure class=\"wp-block-image size-full\"><a href=\"https:\/\/www.fantasticaficcion.com\/wp-content\/uploads\/2023\/06\/WarriorWind-Reveal-660x660-1.jpg\"><img loading=\"lazy\" decoding=\"async\" width=\"660\" height=\"660\" src=\"https:\/\/www.fantasticaficcion.com\/wp-content\/uploads\/2023\/06\/WarriorWind-Reveal-660x660-1.jpg\" alt=\"\" class=\"wp-image-14089\" srcset=\"https:\/\/www.fantasticaficcion.com\/wp-content\/uploads\/2023\/06\/WarriorWind-Reveal-660x660-1.jpg 660w, https:\/\/www.fantasticaficcion.com\/wp-content\/uploads\/2023\/06\/WarriorWind-Reveal-660x660-1-300x300.jpg 300w, https:\/\/www.fantasticaficcion.com\/wp-content\/uploads\/2023\/06\/WarriorWind-Reveal-660x660-1-150x150.jpg 150w, https:\/\/www.fantasticaficcion.com\/wp-content\/uploads\/2023\/06\/WarriorWind-Reveal-660x660-1-100x100.jpg 100w\" sizes=\"auto, (max-width: 660px) 100vw, 660px\" \/><\/a><\/figure>\n","protected":false},"excerpt":{"rendered":"<p>Se ha desvelado cu\u00e1l ser\u00e1 la cubierta de Warrior of the Wind, la segunda entrega de la saga que Suyi Davies Okungbowa comenz\u00f3 con Son of the Storm. Esta es la sinopsis: The empire has been reshaped. There is no peace in the season of the Red Emperor. Traumatized by their escape from Bassa, Lilong &hellip; <\/p>\n<p class=\"link-more\"><a href=\"https:\/\/www.fantasticaficcion.com\/index.php\/cubierta-de-warrior-of-the-wind\/\" class=\"more-link\">Continuar leyendo<span class=\"screen-reader-text\"> &#8220;Cubierta de Warrior of the Wind&#8221;<\/span><\/a><\/p>\n","protected":false},"author":1,"featured_media":14089,"comment_status":"open","ping_status":"open","sticky":false,"template":"","format":"standard","meta":{"jetpack_post_was_ever_published":false,"_jetpack_newsletter_access":"","_jetpack_dont_email_post_to_subs":false,"_jetpack_newsletter_tier_id":0,"_jetpack_memberships_contains_paywalled_content":false,"_jetpack_memberships_contains_paid_content":false,"footnotes":""},"categories":[5],"tags":[1448,664,9,190,1339,1123],"class_list":["post-14088","post","type-post","status-publish","format-standard","has-post-thumbnail","hentry","category-fantasia","tag-cubiertas","tag-fantasia","tag-libros-en-ingles","tag-noticias","tag-orbit","tag-suyi-d-okungbowa"],"jetpack_featured_media_url":"https:\/\/www.fantasticaficcion.com\/wp-content\/uploads\/2023\/06\/WarriorWind-Reveal-660x660-1.jpg","jetpack_shortlink":"https:\/\/wp.me\/p5fEpk-3Fe","jetpack_sharing_enabled":true,"_links":{"self":[{"href":"https:\/\/www.fantasticaficcion.com\/index.php\/wp-json\/wp\/v2\/posts\/14088","targetHints":{"allow":["GET"]}}],"collection":[{"href":"https:\/\/www.fantasticaficcion.com\/index.php\/wp-json\/wp\/v2\/posts"}],"about":[{"href":"https:\/\/www.fantasticaficcion.com\/index.php\/wp-json\/wp\/v2\/types\/post"}],"author":[{"embeddable":true,"href":"https:\/\/www.fantasticaficcion.com\/index.php\/wp-json\/wp\/v2\/users\/1"}],"replies":[{"embeddable":true,"href":"https:\/\/www.fantasticaficcion.com\/index.php\/wp-json\/wp\/v2\/comments?post=14088"}],"version-history":[{"count":1,"href":"https:\/\/www.fantasticaficcion.com\/index.php\/wp-json\/wp\/v2\/posts\/14088\/revisions"}],"predecessor-version":[{"id":14090,"href":"https:\/\/www.fantasticaficcion.com\/index.php\/wp-json\/wp\/v2\/posts\/14088\/revisions\/14090"}],"wp:featuredmedia":[{"embeddable":true,"href":"https:\/\/www.fantasticaficcion.com\/index.php\/wp-json\/wp\/v2\/media\/14089"}],"wp:attachment":[{"href":"https:\/\/www.fantasticaficcion.com\/index.php\/wp-json\/wp\/v2\/media?parent=14088"}],"wp:term":[{"taxonomy":"category","embeddable":true,"href":"https:\/\/www.fantasticaficcion.com\/index.php\/wp-json\/wp\/v2\/categories?post=14088"},{"taxonomy":"post_tag","embeddable":true,"href":"https:\/\/www.fantasticaficcion.com\/index.php\/wp-json\/wp\/v2\/tags?post=14088"}],"curies":[{"name":"wp","href":"https:\/\/api.w.org\/{rel}","templated":true}]}}