{"id":13758,"date":"2023-02-03T06:30:00","date_gmt":"2023-02-03T06:30:00","guid":{"rendered":"http:\/\/www.fantasticaficcion.com\/?p=13758"},"modified":"2023-01-24T10:04:41","modified_gmt":"2023-01-24T10:04:41","slug":"cubierta-de-a-season-of-monstrous-conceptions","status":"publish","type":"post","link":"https:\/\/www.fantasticaficcion.com\/index.php\/cubierta-de-a-season-of-monstrous-conceptions\/","title":{"rendered":"Cubierta de A Season of Monstrous Conceptions"},"content":{"rendered":"\n<p>Se ha anunciado cu\u00e1l ser\u00e1 la cubierta de <strong><em><a href=\"https:\/\/twitter.com\/TorDotComPub\/status\/1617530090677469184\">A Season of Monstrous Conceptions<\/a><\/em><\/strong> la nueva novela de Lina Rather que se publicar\u00e1 el 31 de octubre. La definen como una fantas\u00eda hist\u00f3rica espeluznante de matronas, monstruos y el desgarro del mundo.<\/p>\n\n\n\n<p>El dise\u00f1o es de Andrew Davis:<\/p>\n\n\n\n<figure class=\"wp-block-image size-large\"><a href=\"https:\/\/www.fantasticaficcion.com\/wp-content\/uploads\/2023\/01\/aseasonofmonstrousconceptions.jpg\"><img loading=\"lazy\" decoding=\"async\" width=\"1024\" height=\"1024\" src=\"https:\/\/www.fantasticaficcion.com\/wp-content\/uploads\/2023\/01\/aseasonofmonstrousconceptions-1024x1024.jpg\" alt=\"\" class=\"wp-image-13759\" srcset=\"https:\/\/www.fantasticaficcion.com\/wp-content\/uploads\/2023\/01\/aseasonofmonstrousconceptions-1024x1024.jpg 1024w, https:\/\/www.fantasticaficcion.com\/wp-content\/uploads\/2023\/01\/aseasonofmonstrousconceptions-300x300.jpg 300w, https:\/\/www.fantasticaficcion.com\/wp-content\/uploads\/2023\/01\/aseasonofmonstrousconceptions-150x150.jpg 150w, https:\/\/www.fantasticaficcion.com\/wp-content\/uploads\/2023\/01\/aseasonofmonstrousconceptions-768x768.jpg 768w, https:\/\/www.fantasticaficcion.com\/wp-content\/uploads\/2023\/01\/aseasonofmonstrousconceptions-100x100.jpg 100w, https:\/\/www.fantasticaficcion.com\/wp-content\/uploads\/2023\/01\/aseasonofmonstrousconceptions.jpg 1200w\" sizes=\"auto, (max-width: 767px) 89vw, (max-width: 1000px) 54vw, (max-width: 1071px) 543px, 580px\" \/><\/a><\/figure>\n\n\n\n<p><\/p>\n","protected":false},"excerpt":{"rendered":"<p>Se ha anunciado cu\u00e1l ser\u00e1 la cubierta de A Season of Monstrous Conceptions la nueva novela de Lina Rather que se publicar\u00e1 el 31 de octubre. La definen como una fantas\u00eda hist\u00f3rica espeluznante de matronas, monstruos y el desgarro del mundo. El dise\u00f1o es de Andrew Davis:<\/p>\n","protected":false},"author":1,"featured_media":13759,"comment_status":"open","ping_status":"open","sticky":false,"template":"","format":"standard","meta":{"jetpack_post_was_ever_published":false,"_jetpack_newsletter_access":"","_jetpack_dont_email_post_to_subs":false,"_jetpack_newsletter_tier_id":0,"_jetpack_memberships_contains_paywalled_content":false,"_jetpack_memberships_contains_paid_content":false,"footnotes":""},"categories":[5],"tags":[1448,9,1575,190],"class_list":["post-13758","post","type-post","status-publish","format-standard","has-post-thumbnail","hentry","category-fantasia","tag-cubiertas","tag-libros-en-ingles","tag-lisa-rather","tag-noticias"],"jetpack_featured_media_url":"https:\/\/www.fantasticaficcion.com\/wp-content\/uploads\/2023\/01\/aseasonofmonstrousconceptions.jpg","jetpack_shortlink":"https:\/\/wp.me\/p5fEpk-3zU","jetpack_sharing_enabled":true,"_links":{"self":[{"href":"https:\/\/www.fantasticaficcion.com\/index.php\/wp-json\/wp\/v2\/posts\/13758","targetHints":{"allow":["GET"]}}],"collection":[{"href":"https:\/\/www.fantasticaficcion.com\/index.php\/wp-json\/wp\/v2\/posts"}],"about":[{"href":"https:\/\/www.fantasticaficcion.com\/index.php\/wp-json\/wp\/v2\/types\/post"}],"author":[{"embeddable":true,"href":"https:\/\/www.fantasticaficcion.com\/index.php\/wp-json\/wp\/v2\/users\/1"}],"replies":[{"embeddable":true,"href":"https:\/\/www.fantasticaficcion.com\/index.php\/wp-json\/wp\/v2\/comments?post=13758"}],"version-history":[{"count":1,"href":"https:\/\/www.fantasticaficcion.com\/index.php\/wp-json\/wp\/v2\/posts\/13758\/revisions"}],"predecessor-version":[{"id":13760,"href":"https:\/\/www.fantasticaficcion.com\/index.php\/wp-json\/wp\/v2\/posts\/13758\/revisions\/13760"}],"wp:featuredmedia":[{"embeddable":true,"href":"https:\/\/www.fantasticaficcion.com\/index.php\/wp-json\/wp\/v2\/media\/13759"}],"wp:attachment":[{"href":"https:\/\/www.fantasticaficcion.com\/index.php\/wp-json\/wp\/v2\/media?parent=13758"}],"wp:term":[{"taxonomy":"category","embeddable":true,"href":"https:\/\/www.fantasticaficcion.com\/index.php\/wp-json\/wp\/v2\/categories?post=13758"},{"taxonomy":"post_tag","embeddable":true,"href":"https:\/\/www.fantasticaficcion.com\/index.php\/wp-json\/wp\/v2\/tags?post=13758"}],"curies":[{"name":"wp","href":"https:\/\/api.w.org\/{rel}","templated":true}]}}