{"id":13719,"date":"2023-01-23T06:30:00","date_gmt":"2023-01-23T06:30:00","guid":{"rendered":"http:\/\/www.fantasticaficcion.com\/?p=13719"},"modified":"2023-01-13T07:49:44","modified_gmt":"2023-01-13T07:49:44","slug":"monstruos-ordinarios","status":"publish","type":"post","link":"https:\/\/www.fantasticaficcion.com\/index.php\/monstruos-ordinarios\/","title":{"rendered":"Monstruos ordinarios"},"content":{"rendered":"\n<p>Sent\u00eda mucha curiosidad por este libro, pero la verdad es que su longitud me echaba un poco para atr\u00e1s. Cuando vi que estaba en audiolibro en espa\u00f1ol, empec\u00e9 a escucharlo y he de decir que aunque al principio me ech\u00f3 un poco para atr\u00e1s que estuviera en espa\u00f1ol sudamericano (creo que el acento es mejicano, pero no tengo tanta pericia auditiva como para afirmarlo), en realidad no ha supuesto ning\u00fan problema, salvo algunos usos del idioma que suenan algo raros a un hablante espa\u00f1ol. <\/p>\n\n\n<div class=\"wp-block-image\">\n<figure class=\"alignright size-full\"><a href=\"https:\/\/www.fantasticaficcion.com\/wp-content\/uploads\/2023\/01\/monstruosordinarios.jpg\"><img loading=\"lazy\" decoding=\"async\" width=\"261\" height=\"400\" src=\"https:\/\/www.fantasticaficcion.com\/wp-content\/uploads\/2023\/01\/monstruosordinarios.jpg\" alt=\"\" class=\"wp-image-13720\" srcset=\"https:\/\/www.fantasticaficcion.com\/wp-content\/uploads\/2023\/01\/monstruosordinarios.jpg 261w, https:\/\/www.fantasticaficcion.com\/wp-content\/uploads\/2023\/01\/monstruosordinarios-196x300.jpg 196w\" sizes=\"auto, (max-width: 261px) 100vw, 261px\" \/><\/a><\/figure>\n<\/div>\n\n\n<p><strong><em>Monstruos ordinarios<\/em><\/strong> es una novela de fantas\u00eda muy oscura, con sus toques de terror y escenas realmente macabras, pero a pesar de que todo esto no suele ser plato de mi gusto, la novela s\u00ed que me ha convencido totalmente. El hecho de situar a personas con talentos especiales en el siglo XIX ya ha sido utilizada con anterioridad (sin ir m\u00e1s lejos, por Alan Moore), por eso JM Mir\u00f3 prefiere cargar las tintas en la descripci\u00f3n del entramado m\u00e1gico de su mundo y sobre todo, en un elenco de personajes con vidas tortuosas y pasados terribles.<\/p>\n\n\n\n<p>Se trata de un libro coral, al que se le podr\u00eda quiz\u00e1 poner como defecto la gran extensi\u00f3n y tal vez la parsimonia y el detalle con que se describe cada escena, aunque lo cierto es que no tiene problemas de ritmo y una vez que se entra en la ambientaci\u00f3n, se disfruta cada momento. Por cierto, hay que tener en cuenta que es la primera parte de una trilog\u00eda, as\u00ed que aunque se puede disfrutar de la lectura como un todo, no deja de ser verdad que algunas de las tramas quedan abiertas para las siguientes entregas.<\/p>\n\n\n\n<p>Como dec\u00eda, quiz\u00e1 lo m\u00e1s importante de la obra son los personajes que pueblan sus p\u00e1ginas, desde los chicos cuya b\u00fasqueda y rescate acaparan las primeras decenas de p\u00e1ginas hasta los adultos y otros talentos ya m\u00e1s establecidos que conforman las dos \u00faltimas terceras partes de la novela. Mir\u00f3 hace una exposici\u00f3n descarnada de la condici\u00f3n humana, sin poner trabas a la maldad del racismo, el clasismo, la explotaci\u00f3n infantil&#8230; todas las historias del pasado de los caracteres est\u00e1n plagadas de dolor y sufrimiento, pero son totalmente veros\u00edmiles a\u00fan con la existencia del factor sobrenatural. Ni\u00f1os de 9 a\u00f1os trabajando como deshollinadores que quedan atrapados en las chimeneas, ratas de teatro que a cambio de los restos de la comida de la compa\u00f1\u00eda de actores trabajan de solo a sol, artistas de circo que muestran sus peculiaridades ante un p\u00fablico sediento de novedad&#8230; <\/p>\n\n\n\n<p>El autor, que como vemos no nos protege de las consecuencias del terror ordinario, lo hace a\u00fan menos con las del terror sobrenatural. Seremos testigos de la creaci\u00f3n de gigantes de carne con trozos de cad\u00e1veres, de desmembramientos a manos de monstruos no muertos y de muertes de infantes para saciar el ansia de otros monstruos. No es un libro que se recree en el gore, pero desde luego no le hace ascos. <\/p>\n\n\n\n<p>La trama, que en un principio podr\u00eda parecer m\u00e1s simple de lo que es en realidad (estos son los malos y estos son los buenos) en realidad oculta planes y paradojas que iremos conociendo poco a poco en el despliegue de cap\u00edtulos. Se me hace raro en la traducci\u00f3n que Alejandro Romero \u00c1lvarez haya preferido dejar bastantes t\u00e9rminos en el ingl\u00e9s original, siempre he pensado que la tendencia en la traducci\u00f3n es &#8220;castellanizar&#8221; todo lo posible (que me disculpen los traductores si estoy equivocada). El caso es que casi todos los elementos que forman parte del &#8220;otro mundo&#8221;, mantienen sus nombres en ingl\u00e9s en esta ocasi\u00f3n.<\/p>\n\n\n\n<p>La narraci\u00f3n del audiolibro por parte de Santiago Padilla es muy buena, adapt\u00e1ndose en cada momento al personaje del elenco al que est\u00e1 encarnando.<\/p>\n\n\n\n<p>Sin duda, recomiendo la lectura de la obra, pero sabiendo a lo que nos veremos expuestos.<\/p>\n","protected":false},"excerpt":{"rendered":"<p>Sent\u00eda mucha curiosidad por este libro, pero la verdad es que su longitud me echaba un poco para atr\u00e1s. Cuando vi que estaba en audiolibro en espa\u00f1ol, empec\u00e9 a escucharlo y he de decir que aunque al principio me ech\u00f3 un poco para atr\u00e1s que estuviera en espa\u00f1ol sudamericano (creo que el acento es mejicano, &hellip; <\/p>\n<p class=\"link-more\"><a href=\"https:\/\/www.fantasticaficcion.com\/index.php\/monstruos-ordinarios\/\" class=\"more-link\">Continuar leyendo<span class=\"screen-reader-text\"> &#8220;Monstruos ordinarios&#8221;<\/span><\/a><\/p>\n","protected":false},"author":1,"featured_media":13720,"comment_status":"open","ping_status":"open","sticky":false,"template":"","format":"standard","meta":{"jetpack_post_was_ever_published":false,"_jetpack_newsletter_access":"","_jetpack_dont_email_post_to_subs":false,"_jetpack_newsletter_tier_id":0,"_jetpack_memberships_contains_paywalled_content":false,"_jetpack_memberships_contains_paid_content":false,"footnotes":""},"categories":[5],"tags":[212,664,1570,14,8],"class_list":["post-13719","post","type-post","status-publish","format-standard","has-post-thumbnail","hentry","category-fantasia","tag-audiolibros","tag-fantasia","tag-jm-miro","tag-libros-en-espanol","tag-resenas"],"jetpack_featured_media_url":"https:\/\/www.fantasticaficcion.com\/wp-content\/uploads\/2023\/01\/monstruosordinarios.jpg","jetpack_shortlink":"https:\/\/wp.me\/p5fEpk-3zh","jetpack_sharing_enabled":true,"_links":{"self":[{"href":"https:\/\/www.fantasticaficcion.com\/index.php\/wp-json\/wp\/v2\/posts\/13719","targetHints":{"allow":["GET"]}}],"collection":[{"href":"https:\/\/www.fantasticaficcion.com\/index.php\/wp-json\/wp\/v2\/posts"}],"about":[{"href":"https:\/\/www.fantasticaficcion.com\/index.php\/wp-json\/wp\/v2\/types\/post"}],"author":[{"embeddable":true,"href":"https:\/\/www.fantasticaficcion.com\/index.php\/wp-json\/wp\/v2\/users\/1"}],"replies":[{"embeddable":true,"href":"https:\/\/www.fantasticaficcion.com\/index.php\/wp-json\/wp\/v2\/comments?post=13719"}],"version-history":[{"count":2,"href":"https:\/\/www.fantasticaficcion.com\/index.php\/wp-json\/wp\/v2\/posts\/13719\/revisions"}],"predecessor-version":[{"id":13722,"href":"https:\/\/www.fantasticaficcion.com\/index.php\/wp-json\/wp\/v2\/posts\/13719\/revisions\/13722"}],"wp:featuredmedia":[{"embeddable":true,"href":"https:\/\/www.fantasticaficcion.com\/index.php\/wp-json\/wp\/v2\/media\/13720"}],"wp:attachment":[{"href":"https:\/\/www.fantasticaficcion.com\/index.php\/wp-json\/wp\/v2\/media?parent=13719"}],"wp:term":[{"taxonomy":"category","embeddable":true,"href":"https:\/\/www.fantasticaficcion.com\/index.php\/wp-json\/wp\/v2\/categories?post=13719"},{"taxonomy":"post_tag","embeddable":true,"href":"https:\/\/www.fantasticaficcion.com\/index.php\/wp-json\/wp\/v2\/tags?post=13719"}],"curies":[{"name":"wp","href":"https:\/\/api.w.org\/{rel}","templated":true}]}}