{"id":13580,"date":"2022-12-12T06:35:00","date_gmt":"2022-12-12T06:35:00","guid":{"rendered":"http:\/\/www.fantasticaficcion.com\/?p=13580"},"modified":"2022-12-12T07:06:46","modified_gmt":"2022-12-12T07:06:46","slug":"nueve-dias-en-el-jardin-de-kiev","status":"publish","type":"post","link":"https:\/\/www.fantasticaficcion.com\/index.php\/nueve-dias-en-el-jardin-de-kiev\/","title":{"rendered":"Nueve d\u00edas en el jard\u00edn de Kiev"},"content":{"rendered":"\n<p><em>Aviso: recib\u00ed un ejemplar de este libro como cortes\u00eda por parte de la autora con quien he compartido tareas como jurado del premio 42. Esto no ha influido de forma consciente en mi valoraci\u00f3n de la obra, pero lo comento por si acaso.<\/em><\/p>\n\n\n\n<p><strong><em>Nueve d\u00edas en el jard\u00edn de Kiev<\/em><\/strong> es un libro que ha visto la luz en una publicaci\u00f3n generalista y quiz\u00e1 por eso no est\u00e1 recibiendo apenas atenci\u00f3n por parte de los aficionados a lo fant\u00e1stico, lo cual es una l\u00e1stima porque nos encontramos ante una obra que aprovecha el tono de f\u00e1bula en el que est\u00e1 escrito para mandar unos cuantos mensajes importantes sin necesidad de caer en la moralina esopiana que a veces desprende este tipo de obras.<\/p>\n\n\n<div class=\"wp-block-image\">\n<figure class=\"alignright size-full\"><a href=\"https:\/\/www.fantasticaficcion.com\/wp-content\/uploads\/2022\/11\/nuevediaseneljardindekiev.jpg\"><img loading=\"lazy\" decoding=\"async\" width=\"313\" height=\"475\" src=\"https:\/\/www.fantasticaficcion.com\/wp-content\/uploads\/2022\/11\/nuevediaseneljardindekiev.jpg\" alt=\"\" class=\"wp-image-13581\" srcset=\"https:\/\/www.fantasticaficcion.com\/wp-content\/uploads\/2022\/11\/nuevediaseneljardindekiev.jpg 313w, https:\/\/www.fantasticaficcion.com\/wp-content\/uploads\/2022\/11\/nuevediaseneljardindekiev-198x300.jpg 198w\" sizes=\"auto, (max-width: 313px) 100vw, 313px\" \/><\/a><\/figure>\n<\/div>\n\n\n<p>Nos encontramos con una novela dividida en nueve cap\u00edtulos que referencia cada uno un d\u00eda, como se desprende del t\u00edtulo. Cada cap\u00edtulo, a su vez, est\u00e1 dividido en dos partes que comparten el mismo protagonista pero difieren en su interlocutor, algo que ir\u00e1 cobrando mayor importancia conforme vayan avanzando las p\u00e1ginas. Es una estructura sencilla pero muy apropiada para la narraci\u00f3n de la historia, basada principalmente en el di\u00e1logo, pero con relatos adyacentes incrustados en el propio desarrollo de la historia que ir\u00e1n dando trasfondo a la novela y que ser\u00e1n del agrado de cualquier lector que desee explorar este mundo.<\/p>\n\n\n\n<p> <strong><em>Nueve d\u00edas en el jard\u00edn de Kiev<\/em><\/strong> es una novela ecologista, un canto de amor a la naturaleza y a su conservaci\u00f3n, pero no por ello deja de estar envuelta en una fantas\u00eda leve pero perfectamente distinguible. Pasear por sus p\u00e1ginas se asemeja a pasear por el jard\u00edn que acoge a sus protagonistas, con unas descripciones muy bellas con las que la autora acaricia los sentimientos del lector. Es un<em> shinrin yoku <\/em>sin salir de casa, una cura de estr\u00e9s sin tener que recurrir a la meditaci\u00f3n o a medios farmacol\u00f3gicos y, en definitiva, una lectura acogedora que aumenta nuestro bienestar. <\/p>\n\n\n\n<p>Otro de los puntos fuertes del libro es que se trata de una obra adecuada para todos los p\u00fablicos, ya que las diversas capas de lectura que se pueden desprender de la obra dependen de los conocimientos y la propia implicaci\u00f3n del lector. El m\u00e1s avezado quiz\u00e1 vea venir algunos de los giros de la parte final, pero tambi\u00e9n se puede considerar perfecta para un p\u00fablico m\u00e1s juvenil que disfrute con las andanzas del joven protagonista. <\/p>\n\n\n\n<p>En resumen, recomiendo mucho la lectura de <strong><em>Nueve d\u00edas en el jard\u00edn de Kiev<\/em><\/strong>, una obra que se lee en un santiam\u00e9n y que te deja reflexionando.<\/p>\n","protected":false},"excerpt":{"rendered":"<p>Aviso: recib\u00ed un ejemplar de este libro como cortes\u00eda por parte de la autora con quien he compartido tareas como jurado del premio 42. Esto no ha influido de forma consciente en mi valoraci\u00f3n de la obra, pero lo comento por si acaso. Nueve d\u00edas en el jard\u00edn de Kiev es un libro que ha &hellip; <\/p>\n<p class=\"link-more\"><a href=\"https:\/\/www.fantasticaficcion.com\/index.php\/nueve-dias-en-el-jardin-de-kiev\/\" class=\"more-link\">Continuar leyendo<span class=\"screen-reader-text\"> &#8220;Nueve d\u00edas en el jard\u00edn de Kiev&#8221;<\/span><\/a><\/p>\n","protected":false},"author":1,"featured_media":13581,"comment_status":"open","ping_status":"open","sticky":false,"template":"","format":"standard","meta":{"jetpack_post_was_ever_published":false,"_jetpack_newsletter_access":"","_jetpack_dont_email_post_to_subs":false,"_jetpack_newsletter_tier_id":0,"_jetpack_memberships_contains_paywalled_content":false,"_jetpack_memberships_contains_paid_content":false,"footnotes":""},"categories":[5],"tags":[664,14,8,1557],"class_list":["post-13580","post","type-post","status-publish","format-standard","has-post-thumbnail","hentry","category-fantasia","tag-fantasia","tag-libros-en-espanol","tag-resenas","tag-susana-vallejo"],"jetpack_featured_media_url":"https:\/\/www.fantasticaficcion.com\/wp-content\/uploads\/2022\/11\/nuevediaseneljardindekiev.jpg","jetpack_shortlink":"https:\/\/wp.me\/p5fEpk-3x2","jetpack_sharing_enabled":true,"_links":{"self":[{"href":"https:\/\/www.fantasticaficcion.com\/index.php\/wp-json\/wp\/v2\/posts\/13580","targetHints":{"allow":["GET"]}}],"collection":[{"href":"https:\/\/www.fantasticaficcion.com\/index.php\/wp-json\/wp\/v2\/posts"}],"about":[{"href":"https:\/\/www.fantasticaficcion.com\/index.php\/wp-json\/wp\/v2\/types\/post"}],"author":[{"embeddable":true,"href":"https:\/\/www.fantasticaficcion.com\/index.php\/wp-json\/wp\/v2\/users\/1"}],"replies":[{"embeddable":true,"href":"https:\/\/www.fantasticaficcion.com\/index.php\/wp-json\/wp\/v2\/comments?post=13580"}],"version-history":[{"count":1,"href":"https:\/\/www.fantasticaficcion.com\/index.php\/wp-json\/wp\/v2\/posts\/13580\/revisions"}],"predecessor-version":[{"id":13582,"href":"https:\/\/www.fantasticaficcion.com\/index.php\/wp-json\/wp\/v2\/posts\/13580\/revisions\/13582"}],"wp:featuredmedia":[{"embeddable":true,"href":"https:\/\/www.fantasticaficcion.com\/index.php\/wp-json\/wp\/v2\/media\/13581"}],"wp:attachment":[{"href":"https:\/\/www.fantasticaficcion.com\/index.php\/wp-json\/wp\/v2\/media?parent=13580"}],"wp:term":[{"taxonomy":"category","embeddable":true,"href":"https:\/\/www.fantasticaficcion.com\/index.php\/wp-json\/wp\/v2\/categories?post=13580"},{"taxonomy":"post_tag","embeddable":true,"href":"https:\/\/www.fantasticaficcion.com\/index.php\/wp-json\/wp\/v2\/tags?post=13580"}],"curies":[{"name":"wp","href":"https:\/\/api.w.org\/{rel}","templated":true}]}}