{"id":13534,"date":"2022-11-25T06:30:00","date_gmt":"2022-11-25T06:30:00","guid":{"rendered":"http:\/\/www.fantasticaficcion.com\/?p=13534"},"modified":"2022-11-14T07:29:18","modified_gmt":"2022-11-14T07:29:18","slug":"cubierta-de-the-gauntlet-and-the-broken-chain","status":"publish","type":"post","link":"https:\/\/www.fantasticaficcion.com\/index.php\/cubierta-de-the-gauntlet-and-the-broken-chain\/","title":{"rendered":"Cubierta de The Gauntlet and the Broken Chain\u00a0"},"content":{"rendered":"\n<p>Ya sabemos c\u00f3mo ser\u00e1 la cubierta de <strong><em><a href=\"https:\/\/twitter.com\/IanTheGreen\/status\/1591092160753172489\">The Gauntlet and the Broken Chain<\/a><\/em><\/strong>, la tercera entrega de <em>The Rotstorm<\/em>, de Ian Green. El libro se publicar\u00e1 el 3 de agosto de 2023 y esta es su sinopsis:<\/p>\n\n\n\n<blockquote class=\"wp-block-quote is-layout-flow wp-block-quote-is-layout-flow\">\n<p><em>Hunt the mage. Save the child. Defy the storm.<\/em><\/p>\n\n\n\n<p>Across the ruins of Ferron, the rotstorm ever rages. From its nightmarish depths, demons and goblins and rust-folk have struck forth and claimed the Northern Marches as their sanctuary. Through the Undal Protectorate, the land is gripped in a Claw Winter, a frozen mirror of the punishment laid down to the west.<\/p>\n\n\n\n<p>Abandoned on the island of Riven, Flor\u00e9 and her comrades must find their way back to the Protectorate. Flor\u00e9&#8217;s daughter Marta is hidden somewhere in the north, dying from the skein-magic she cannot yet control. And now, a centuries-old problem threatens to cause new problems for Flor\u00e9 \u2013 and it threatens to be the most challenging yet&#8230;<\/p>\n\n\n\n<p>For, after centuries of bondage, the immortal mage Tullen One-Eye \u2013 the man they call &#8216;Deathless&#8217; \u2013 has been unchained, and the great god-wolf Lothal hunts again. To make matters worse, deep in Orubor&#8217;s Wood, the god-bear Anshuka stirs from her slumber.<\/p>\n\n\n\n<p>The awakening of three unknown forces spells bad news for Flor\u00e9 and the Ferron. For, the last time the Judges warred, an empire fell.<\/p>\n\n\n\n<p>If she is to save her daughter and free her people, Flor\u00e9 will have to defeat the great wolf Lothal and kill the &#8216;Deathless&#8217; Tullen. But how can she kill the unkillable man? And will steel alone be enough to take down the gods themselves?<\/p>\n<\/blockquote>\n\n\n\n<blockquote class=\"wp-block-quote is-layout-flow wp-block-quote-is-layout-flow\">\n<p>Mi traducci\u00f3n:<\/p>\n\n\n\n<p>Caza al mago. Salva a la ni\u00f1a. Derrota a la tormenta.<\/p>\n\n\n\n<p>A lo largo de las ruinas de Ferron, la tormenta siempre ruge. Desde sus profundidades de pesadilla, demonios, goblins y gente del \u00f3xido se alzan y reclaman las Marcas del Norte como su santuario. La Garra Helada del Invierno atrapa todo el Protectorado Undal, como un espejo helado del castigo que recibe el oeste.<\/p>\n\n\n\n<p>Abandonada en la Isla de Riven, Flor\u00e9 y sus camaradas deber\u00e1n hallar el camino de vuelta al Protectorado.  Marta, la hija de Flor\u00e9, est\u00e1 escondida en alg\u00fan lugar en el norte, muriendo por una magia que todav\u00eda no puede controlar. Y problemas de m\u00e1s de un siglo de antig\u00fcedad amenazan a Flor\u00e9 y pueden ser los m\u00e1s complicados de resolver hasta la fecha&#8230;<\/p>\n\n\n\n<p>Porque, tras siglos de encadenamiento, el mago inmortal Tullen Un-Ojo, el llamado &#8220;sin muerte&#8221;, se ha liberado y el gran dios-lobo Lothal vuelve a salir de caza. Para empeorar las cosas, en lo profundo del bosque Orubor, el dios-oso Anshuka se despereza en su sue\u00f1o.<\/p>\n\n\n\n<p>El despertar de tres fuerzas desconocidas son malas noticias para Flor\u00e9 y los suyos. La \u00faltima vez que los jueces intervinieron, un imperio cay\u00f3.<\/p>\n\n\n\n<p>Si ha de salvar a su hija y liberar a su gente, Flor\u00e9 deber\u00e1 vencer al gran lobo Lothal y mata al sin muerte Tullen. \u00bfPero c\u00f3mo matar a un inmortal? \u00bfSer\u00e1 el acero suficiente para batir a los propios dioses?<\/p>\n<\/blockquote>\n\n\n\n<p>Esta es la cubierta:<\/p>\n\n\n<div class=\"wp-block-image\">\n<figure class=\"aligncenter size-full\"><a href=\"https:\/\/www.fantasticaficcion.com\/wp-content\/uploads\/2022\/11\/thegauntletandthebrokenchain.jpg\"><img loading=\"lazy\" decoding=\"async\" width=\"602\" height=\"900\" src=\"https:\/\/www.fantasticaficcion.com\/wp-content\/uploads\/2022\/11\/thegauntletandthebrokenchain.jpg\" alt=\"\" class=\"wp-image-13535\" srcset=\"https:\/\/www.fantasticaficcion.com\/wp-content\/uploads\/2022\/11\/thegauntletandthebrokenchain.jpg 602w, https:\/\/www.fantasticaficcion.com\/wp-content\/uploads\/2022\/11\/thegauntletandthebrokenchain-201x300.jpg 201w\" sizes=\"auto, (max-width: 602px) 100vw, 602px\" \/><\/a><\/figure>\n<\/div>","protected":false},"excerpt":{"rendered":"<p>Ya sabemos c\u00f3mo ser\u00e1 la cubierta de The Gauntlet and the Broken Chain, la tercera entrega de The Rotstorm, de Ian Green. El libro se publicar\u00e1 el 3 de agosto de 2023 y esta es su sinopsis: Hunt the mage. Save the child. Defy the storm. Across the ruins of Ferron, the rotstorm ever rages. &hellip; <\/p>\n<p class=\"link-more\"><a href=\"https:\/\/www.fantasticaficcion.com\/index.php\/cubierta-de-the-gauntlet-and-the-broken-chain\/\" class=\"more-link\">Continuar leyendo<span class=\"screen-reader-text\"> &#8220;Cubierta de The Gauntlet and the Broken Chain\u00a0&#8220;<\/span><\/a><\/p>\n","protected":false},"author":1,"featured_media":0,"comment_status":"open","ping_status":"open","sticky":false,"template":"","format":"standard","meta":{"jetpack_post_was_ever_published":false,"_jetpack_newsletter_access":"","_jetpack_dont_email_post_to_subs":false,"_jetpack_newsletter_tier_id":0,"_jetpack_memberships_contains_paywalled_content":false,"_jetpack_memberships_contains_paid_content":false,"footnotes":""},"categories":[5],"tags":[1448,664,1541,9,190],"class_list":["post-13534","post","type-post","status-publish","format-standard","hentry","category-fantasia","tag-cubiertas","tag-fantasia","tag-ian-green","tag-libros-en-ingles","tag-noticias"],"jetpack_featured_media_url":"","jetpack_shortlink":"https:\/\/wp.me\/p5fEpk-3wi","jetpack_sharing_enabled":true,"_links":{"self":[{"href":"https:\/\/www.fantasticaficcion.com\/index.php\/wp-json\/wp\/v2\/posts\/13534","targetHints":{"allow":["GET"]}}],"collection":[{"href":"https:\/\/www.fantasticaficcion.com\/index.php\/wp-json\/wp\/v2\/posts"}],"about":[{"href":"https:\/\/www.fantasticaficcion.com\/index.php\/wp-json\/wp\/v2\/types\/post"}],"author":[{"embeddable":true,"href":"https:\/\/www.fantasticaficcion.com\/index.php\/wp-json\/wp\/v2\/users\/1"}],"replies":[{"embeddable":true,"href":"https:\/\/www.fantasticaficcion.com\/index.php\/wp-json\/wp\/v2\/comments?post=13534"}],"version-history":[{"count":1,"href":"https:\/\/www.fantasticaficcion.com\/index.php\/wp-json\/wp\/v2\/posts\/13534\/revisions"}],"predecessor-version":[{"id":13536,"href":"https:\/\/www.fantasticaficcion.com\/index.php\/wp-json\/wp\/v2\/posts\/13534\/revisions\/13536"}],"wp:attachment":[{"href":"https:\/\/www.fantasticaficcion.com\/index.php\/wp-json\/wp\/v2\/media?parent=13534"}],"wp:term":[{"taxonomy":"category","embeddable":true,"href":"https:\/\/www.fantasticaficcion.com\/index.php\/wp-json\/wp\/v2\/categories?post=13534"},{"taxonomy":"post_tag","embeddable":true,"href":"https:\/\/www.fantasticaficcion.com\/index.php\/wp-json\/wp\/v2\/tags?post=13534"}],"curies":[{"name":"wp","href":"https:\/\/api.w.org\/{rel}","templated":true}]}}